{"id":986,"date":"2024-03-20T12:17:00","date_gmt":"2024-03-20T11:17:00","guid":{"rendered":"https:\/\/ekologia.kpodr.pl\/?p=986"},"modified":"2025-03-28T12:27:42","modified_gmt":"2025-03-28T11:27:42","slug":"ochrona-zasobow-przyrodniczych-na-obszarach-wiejskich","status":"publish","type":"post","link":"https:\/\/ekologia.kpodr.pl\/index.php\/2024\/03\/20\/ochrona-zasobow-przyrodniczych-na-obszarach-wiejskich\/","title":{"rendered":"Ochrona zasob\u00f3w przyrodniczych na obszarach wiejskich"},"content":{"rendered":"<h1 class=\"art-postheader entry-title\"><\/h1>\n<div class=\"art-postcontent clearfix\">\n<p align=\"center\"><img fetchpriority=\"high\" decoding=\"async\" class=\"alignnone size-large wp-image-55055\" src=\"https:\/\/www.kpodr.pl\/wp-content\/uploads\/2023\/11\/loga-KPODR-i-WFOSIGW-1-1024x223.jpg\" alt=\"\" width=\"827\" height=\"180\" data-id=\"55055\" \/><\/p>\n<p><strong>19 marca br. odby\u0142o si\u0119 szkolenie online \u201eOchrona zasob\u00f3w przyrodniczych na obszarach wiejskich\u201d. Wydarzenie zosta\u0142o zorganizowane przez Kujawsko-Pomorski O\u015brodek Doradztwa Rolniczego w Minikowie Oddzia\u0142 w Przysieku oraz Wojew\u00f3dzki Fundusz Ochrony \u015arodowiska i Gospodarki Wodnej w Toruniu. W szkoleniu wzi\u0119\u0142o udzia\u0142 47 os\u00f3b. Byli to rolnicy, doradcy rolni, pracownicy park\u00f3w krajobrazowych, nauczyciele, samorz\u0105dowcy, uczniowie szk\u00f3\u0142 rolniczych oraz inne osoby zainteresowane ochron\u0105 przyrody na obszarach wiejskich.<\/strong><\/p>\n<p>W pierwszym wyk\u0142adzie na temat \u201eR\u00f3\u017cnorodno\u015b\u0107 biologiczna na terenach wiejskich nad doln\u0105 Wis\u0142\u0105\u201d Jaros\u0142aw Paj\u0105kowski, dyrektor Zespo\u0142u Park\u00f3w Krajobrazowych nad doln\u0105 Wis\u0142\u0105, opowiedzia\u0142 o dzia\u0142alno\u015bci parku krajobrazowego, ochronie starych odmian drzew owocowych, ochronie ro\u015blinno\u015bci kserotermicznej oraz modernizacji zagrody w Dusocinie. Zesp\u00f3l Park\u00f3w charakteryzuj\u0105 szczeg\u00f3lne walory przyrodnicze, du\u017ce zr\u00f3\u017cnicowanie rze\u017aby terenu, gleb, klimatu oraz w\u00f3d znajduje swoje odzwierciedlenie w bogactwie flory i fauny. Na terenie Zespo\u0142u Park\u00f3w znajduje si\u0119 14 rezerwat\u00f3w przyrody, wyst\u0119puje wiele rzadkich gatunk\u00f3w ro\u015blin i zwierz\u0105t, kt\u00f3re chronione s\u0105 w ramach projekt\u00f3w czynnej ochrony gatunk\u00f3w zagro\u017conych. W granicach Parku znajduje si\u0119 97 pomnik\u00f3w przyrody o\u017cywionej (pojedyncze drzewa i ich zgrupowania) oraz 4 obiekty przyrody nieo\u017cywionej (jaskinia, g\u0142az narzutowy i dwa \u017ar\u00f3d\u0142a).<\/p>\n<p>Kolejny wyk\u0142ad pt. \u201eSpo\u0142eczne rezerwaty przyrody w Dolinie \u0141achy\u201d przedstawi\u0142 przyrodnik i ornitolog Krzysztof Konieczny z Fundacji Przyrodniczej proNatura, kt\u00f3ry jest r\u00f3wnie\u017c autorem ciekawego bloga przyrodniczego<strong><a role=\"link\" href=\"http:\/\/panodprzyrody.pl\/\">\u00a0<u>panodprzyrody.pl<\/u><\/a><\/strong>. Na co dzie\u0144 zajmuje si\u0119 badaniem ptak\u00f3w i czynn\u0105 ochron\u0105 przyrody. Jest autorem i wsp\u00f3\u0142autorem wielu projekt\u00f3w z zakresu ochrony gatunk\u00f3w i siedlisk. Poszukuje rozwi\u0105za\u0144 \u0142\u0105cz\u0105cych rozw\u00f3j wsi z poszanowaniem warto\u015bci przyrodniczych. W bardzo ciekawym wyk\u0142adzie przedstawi\u0142 histori\u0119 powstania spo\u0142ecznych rezerwat\u00f3w przyrody w Dolinie \u0141achy. I cho\u0107 sama dolina jak i rzeka nie s\u0105 wielkie, to bogactwo przyrodnicze tego obszaru jest niezwyk\u0142e i warte ochrony. Do najwa\u017cniejszych walor\u00f3w przyrodniczych nale\u017c\u0105 przestoje starych d\u0119b\u00f3w z du\u017c\u0105 populacj\u0105 pachnicy d\u0119bowej, kozioroga d\u0119bosza i cio\u0142ka matowego. Na uwag\u0119 zas\u0142uguj\u0119 tak\u017ce wyst\u0119powanie nietoperzy: mopka, nocka du\u017cego, borowiaczka. W\u015br\u00f3d ptak\u00f3w wiod\u0105 prym \u017curawie, a na s\u0142onecznych stokach wzg\u00f3rz zobaczymy kolorowe \u017co\u0142ny. Ponadto l\u0119gnie si\u0119 tu bielik, bocian czarny, kania ruda, kania czarna czy go\u0142\u0105b siniak. W oczkach wodnych wyst\u0119puje traszka grzebieniasta i zwyczajna. Ochronie podlegaj\u0105 r\u00f3wnie\u017c niezwykle rzadkie mieczyki dach\u00f3wkowate.<\/p>\n<p>Wszystkie osoby zainteresowane powy\u017cszymi tematami, zach\u0119camy do skorzystania z nagrania szkolenia dost\u0119pnego poni\u017cej.<\/p>\n<p><iframe title=\"2024 03 19 Ochrona zasob\u00f3w przyrodniczych na obszarach wiejskich\" src=\"https:\/\/www.youtube.com\/embed\/3Fd5D-pQxVI?feature=oembed&amp;amp;wmode=transparent\" width=\"500\" height=\"281\" frameborder=\"0\" allowfullscreen=\"allowfullscreen\" data-mce-fragment=\"1\"><\/iframe><\/p>\n<p><em>Karina Wroniecka<br \/>\nKPODR w Minikowie<br \/>\nOddzia\u0142 w Przysieku<\/em><\/p>\n<\/div>\n","protected":false},"excerpt":{"rendered":"<p>19 marca br. odby\u0142o si\u0119 szkolenie online \u201eOchrona zasob\u00f3w przyrodniczych na obszarach wiejskich\u201d. Wydarzenie zosta\u0142o zorganizowane przez Kujawsko-Pomorski O\u015brodek Doradztwa Rolniczego w Minikowie Oddzia\u0142 w Przysieku oraz Wojew\u00f3dzki Fundusz Ochrony \u015arodowiska i Gospodarki Wodnej w Toruniu. W szkoleniu wzi\u0119\u0142o udzia\u0142 47 os\u00f3b. Byli to rolnicy, doradcy rolni, pracownicy park\u00f3w krajobrazowych, nauczyciele, samorz\u0105dowcy, uczniowie szk\u00f3\u0142 rolniczych [&hellip;]<\/p>\n","protected":false},"author":3,"featured_media":987,"comment_status":"closed","ping_status":"closed","sticky":false,"template":"","format":"standard","meta":{"footnotes":""},"categories":[8],"tags":[35,6,72,73,44,69],"class_list":["post-986","post","type-post","status-publish","format-standard","has-post-thumbnail","hentry","category-wydarzenia","tag-ekologia","tag-kpodr","tag-ochrona-przyrody","tag-ochrona-srodowiska","tag-szkolenie","tag-wfosigw"],"blocksy_meta":[],"_links":{"self":[{"href":"https:\/\/ekologia.kpodr.pl\/index.php\/wp-json\/wp\/v2\/posts\/986","targetHints":{"allow":["GET"]}}],"collection":[{"href":"https:\/\/ekologia.kpodr.pl\/index.php\/wp-json\/wp\/v2\/posts"}],"about":[{"href":"https:\/\/ekologia.kpodr.pl\/index.php\/wp-json\/wp\/v2\/types\/post"}],"author":[{"embeddable":true,"href":"https:\/\/ekologia.kpodr.pl\/index.php\/wp-json\/wp\/v2\/users\/3"}],"replies":[{"embeddable":true,"href":"https:\/\/ekologia.kpodr.pl\/index.php\/wp-json\/wp\/v2\/comments?post=986"}],"version-history":[{"count":2,"href":"https:\/\/ekologia.kpodr.pl\/index.php\/wp-json\/wp\/v2\/posts\/986\/revisions"}],"predecessor-version":[{"id":989,"href":"https:\/\/ekologia.kpodr.pl\/index.php\/wp-json\/wp\/v2\/posts\/986\/revisions\/989"}],"wp:featuredmedia":[{"embeddable":true,"href":"https:\/\/ekologia.kpodr.pl\/index.php\/wp-json\/wp\/v2\/media\/987"}],"wp:attachment":[{"href":"https:\/\/ekologia.kpodr.pl\/index.php\/wp-json\/wp\/v2\/media?parent=986"}],"wp:term":[{"taxonomy":"category","embeddable":true,"href":"https:\/\/ekologia.kpodr.pl\/index.php\/wp-json\/wp\/v2\/categories?post=986"},{"taxonomy":"post_tag","embeddable":true,"href":"https:\/\/ekologia.kpodr.pl\/index.php\/wp-json\/wp\/v2\/tags?post=986"}],"curies":[{"name":"wp","href":"https:\/\/api.w.org\/{rel}","templated":true}]}}