{"id":205,"date":"2022-01-19T11:06:38","date_gmt":"2022-01-19T10:06:38","guid":{"rendered":"https:\/\/ekologia.kpodr.pl\/?p=205"},"modified":"2022-01-19T13:57:22","modified_gmt":"2022-01-19T12:57:22","slug":"szkolenie-online-na-temat-ekologicznej-uprawy-sadowniczej","status":"publish","type":"post","link":"https:\/\/ekologia.kpodr.pl\/index.php\/2022\/01\/19\/szkolenie-online-na-temat-ekologicznej-uprawy-sadowniczej\/","title":{"rendered":"Szkolenie online na temat Ekologicznej uprawy sadowniczej &#8211; 1 grudnia 2021"},"content":{"rendered":"<div class=\"art-postheadericons art-metadata-icons\"><\/div>\n<div class=\"art-postcontent clearfix\">\n<p><img fetchpriority=\"high\" decoding=\"async\" class=\"aligncenter size-full wp-image-39144\" src=\"https:\/\/www.kpodr.pl\/wp-content\/uploads\/2021\/11\/logo-kpodr-i-wfosigw.jpg\" sizes=\"(max-width: 688px) 100vw, 688px\" srcset=\"https:\/\/www.kpodr.pl\/wp-content\/uploads\/2021\/11\/logo-kpodr-i-wfosigw.jpg 883w, https:\/\/www.kpodr.pl\/wp-content\/uploads\/2021\/11\/logo-kpodr-i-wfosigw-300x41.jpg 300w, https:\/\/www.kpodr.pl\/wp-content\/uploads\/2021\/11\/logo-kpodr-i-wfosigw-100x14.jpg 100w, https:\/\/www.kpodr.pl\/wp-content\/uploads\/2021\/11\/logo-kpodr-i-wfosigw-768x106.jpg 768w\" alt=\"\" data-id=\"39144\" width=\"688\" height=\"95\"><\/p>\n<p><strong>1 grudnia 2021 roku Kujawsko-Pomorski O\u015brodek Doradztwa Rolniczego w Minikowie zaprosi\u0142 na szkolenie osoby zainteresowane ekologiczn\u0105 produkcj\u0105 sadownicz\u0105. Zorganizowane szkolenie by\u0142o odpowiedzi\u0105 na zwi\u0119kszaj\u0105ce si\u0119 zainteresowanie konsument\u00f3w owocami z sad\u00f3w prowadzonych metodami ekologicznymi. Dla wielu gospodarstw jest to szansa \u017ceby zdecydowa\u0107 si\u0119 na podj\u0119cie produkcji sadowniczej. Z uwagi na szereg ogranicze\u0144 istniej\u0105cych w prowadzeniu sadu ekologicznego bardzo wa\u017cna jest wiedza jak prawid\u0142owo za\u0142o\u017cy\u0107 sad. Rolnik powinien pozna\u0107 podstawy, zaczynaj\u0105c od wyboru odpowiedniego stanowiska, odmian odpornych na choroby, po sposoby piel\u0119gnacji. Taka wiedza u\u0142atwi prowadzenie plantacji sadowniczej co prze\u0142o\u017cy si\u0119 na wi\u0119ksz\u0105 dost\u0119pno\u015b\u0107 owoc\u00f3w na rynku lokalnym.<\/strong><\/p>\n<p>W szkoleniu udzia\u0142 wzi\u0119li zar\u00f3wno rolnicy ekologiczni, rolnicy, kt\u00f3rzy dopiero planuj\u0105 przestawi\u0107 swoje gospodarstwa na ekologiczne metody produkcji, doradcy rolni oraz dzia\u0142kowcy, kt\u00f3rzy chc\u0105 dba\u0107 o swoje nasadzenia bez u\u017cycia \u015brodk\u00f3w chemicznych. Uczestnicy mieli mo\u017cliwo\u015b\u0107 wys\u0142uchania dw\u00f3ch wyk\u0142ad\u00f3w. Prelegentami podczas spotkania byli praktycy, w\u0142a\u015bciciele sadu EkoMarchaty, kt\u00f3rzy od kilkunastu lat z powodzeniem prowadz\u0105 produkcj\u0119 w systemie rolnictwa ekologicznego.<\/p>\n<p>Pierwszy wyk\u0142adowca pan Arkadiusz Kartus, opr\u00f3cz tego, \u017ce prowadzi 15 hektarowy sad, jest r\u00f3wnie\u017c za\u0142o\u017cycielem Stowarzyszenie Polskich Sadownik\u00f3w Ekologicznych pn. Polski EkoOwoc. Sadownicy, kt\u00f3rzy si\u0119 zrzeszyli w ramach Stowarzyszenia gospodaruj\u0105 na areale ponad 800 ha sad\u00f3w i plantacji, pozyskuj\u0105c rocznie ok. 30 tys. ton ekologicznych owoc\u00f3w ziarnkowych, pestkowych i jagodowych, co stanowi ok 15-20% ekologicznej produkcji sadowniczej w Polsce. Z uwagi na trudn\u0105 sytuacj\u0119 na rynku owoc\u00f3w ekologicznych jest to niezwykle cenna inicjatywa, kt\u00f3ra pozwala wierzy\u0107, \u017ce wsp\u00f3lne dzia\u0142ania maj\u0105 sens i s\u0105 niezwykle potrzebne.<\/p>\n<p>Podczas pierwszego wyk\u0142adu pn. <strong>Zak\u0142adanie, prowadzenie i piel\u0119gnacja sadu ekologicznego<\/strong> pan Arkadiusz przypomnia\u0142 jak wa\u017cna jest troska o gleb\u0119, \u017ce jest to podstawowe narz\u0119dzie pracy ka\u017cdego rolnika i sadownika. Podkre\u015bli\u0142, \u017ce bez zdrowej gleby o bogatym \u017cyciu mikrobiologicznym trudno jest uzyska\u0107 zdrowy produkt. Przytoczy\u0142 r\u00f3wnie\u017c badania, kt\u00f3re pokazuj\u0105 wyra\u017anie, \u017ce ekologiczne owoce z \u017cywej, \u017cyznej gleby zawiera istotnie wi\u0119cej suchej masy, mikro i makroelement\u00f3w,&nbsp; polifenoli, kwas\u00f3w fenolowych, flawonoid\u00f3w, antocyjan\u00f3w, witaminy C i innych zwi\u0105zk\u00f3w bioaktywnych w por\u00f3wnaniu do owoc\u00f3w konwencjonalnych.<\/p>\n<p>Drugim prelegentem by\u0142 pan Aleksander Kartus, absolwent SGGW w Warszawie, przedstawi\u0142 on temat pn.&nbsp; <strong>Ochrona sad\u00f3w ekologicznych przed chorobami, szkodnikami i chwastami. <\/strong>Wyk\u0142adowca om\u00f3wi\u0142 zasad\u0119 i dobre praktyki zwi\u0105zane z nawo\u017ceniem upraw sadowniczych. W rolnictwie ekologicznym r\u00f3wnie\u017c trzeba dba\u0107 o nawo\u017cenie upraw, z tym, \u017ce nale\u017cy korzysta\u0107 &nbsp;z nawoz\u00f3w i \u015brodk\u00f3w poprawiaj\u0105cych w\u0142a\u015bciwo\u015bci gleby zakwalifikowanych do stosowania w rolnictwie ekologicznym. Wykaz nawoz\u00f3w oraz produkt\u00f3w naturalnych innych ni\u017c nawozy i \u015brodk\u00f3w poprawiaj\u0105cych w\u0142a\u015bciwo\u015bci gleby, kt\u00f3re mog\u0105 by\u0107 stosowane w rolnictwie ekologicznym mo\u017cna znale\u017a\u0107 na stronie Instytutu Uprawy Nawo\u017cenia i Gleboznawstwa w Pu\u0142awach. Na przyk\u0142adzie gospodarstwa zosta\u0142y om\u00f3wione dobre praktyki zwi\u0105zane z walk\u0105 z zachwaszczeniem upraw. Wyk\u0142adowca sporo czasu po\u015bwi\u0119ci\u0142 metodom ochrony plantacji przed chorobami i szkodnikami. W rolnictwie ekologicznym niezwykle wa\u017cna jest profilaktyka, kt\u00f3ra ma ogromne znaczenie w uzyskaniu zdrowych plon\u00f3w.<\/p>\n<p>Nale\u017cy pami\u0119ta\u0107, \u017ce ekologiczne sady opr\u00f3cz bezpo\u015brednich korzy\u015bci w postaci zdrowych i smacznych owoc\u00f3w s\u0105 r\u00f3wnie\u017c wielk\u0105 korzy\u015bci\u0105 dla \u015brodowiska. Jak wiadomo programy ochrony konwencjonalnych upraw sadowniczych s\u0105 bardzo intensywne, wymagaj\u0105 stosowania wielu \u015brodk\u00f3w chemicznych, kt\u00f3re stwarzaj\u0105 du\u017ce obci\u0105\u017cenie dla gleby, w\u00f3d gruntowych oraz powietrza. Promuj\u0105c ekologiczn\u0105 produkcj\u0119 sadownicz\u0105 wspieramy \u015brodowisko.<\/p>\n<p>Zapis video:<\/p>\n<p><iframe title=\"sad ekologiczny - zak\u0142adanie, prowadzenie i piel\u0119gnacja oraz ochrona\" src=\"https:\/\/www.youtube.com\/embed\/kIExnZxU5EQ?feature=oembed&amp;amp;wmode=transparent\" allowfullscreen=\"allowfullscreen\" data-mce-fragment=\"1\" width=\"500\" height=\"375\" frameborder=\"0\"><\/iframe><\/p>\n<p>&nbsp;<\/p>\n<p><em>Szkolenie zrealizowano w ramach projektu&nbsp;WFO\u015aiGW w Toruniu pn.:&nbsp;<strong>\u201eBior\u00f3\u017cnorodno\u015b\u0107 szans\u0105 dla przysz\u0142ych pokole\u0144\u201d \u2013 kampania edukacyjno-informacyjna dla mieszka\u0144c\u00f3w wojew\u00f3dztwa kujawsko-pomorskiego.<\/strong><\/em><\/p>\n<p>&nbsp;<\/p>\n<p><em>Opracowa\u0142a: Ilona Ole\u015b<\/em><\/p>\n<\/div>\n","protected":false},"excerpt":{"rendered":"<p>1 grudnia 2021 roku Kujawsko-Pomorski O\u015brodek Doradztwa Rolniczego w Minikowie zaprosi\u0142 na szkolenie osoby zainteresowane ekologiczn\u0105 produkcj\u0105 sadownicz\u0105. Zorganizowane szkolenie by\u0142o odpowiedzi\u0105 na zwi\u0119kszaj\u0105ce si\u0119 zainteresowanie konsument\u00f3w owocami z sad\u00f3w prowadzonych metodami ekologicznymi. Dla wielu gospodarstw jest to szansa \u017ceby zdecydowa\u0107 si\u0119 na podj\u0119cie produkcji sadowniczej. Z uwagi na szereg ogranicze\u0144 istniej\u0105cych w prowadzeniu sadu [&hellip;]<\/p>\n","protected":false},"author":1,"featured_media":207,"comment_status":"closed","ping_status":"closed","sticky":false,"template":"","format":"standard","meta":{"footnotes":""},"categories":[29,8],"tags":[],"class_list":["post-205","post","type-post","status-publish","format-standard","has-post-thumbnail","hentry","category-szkolenia","category-wydarzenia"],"blocksy_meta":[],"_links":{"self":[{"href":"https:\/\/ekologia.kpodr.pl\/index.php\/wp-json\/wp\/v2\/posts\/205","targetHints":{"allow":["GET"]}}],"collection":[{"href":"https:\/\/ekologia.kpodr.pl\/index.php\/wp-json\/wp\/v2\/posts"}],"about":[{"href":"https:\/\/ekologia.kpodr.pl\/index.php\/wp-json\/wp\/v2\/types\/post"}],"author":[{"embeddable":true,"href":"https:\/\/ekologia.kpodr.pl\/index.php\/wp-json\/wp\/v2\/users\/1"}],"replies":[{"embeddable":true,"href":"https:\/\/ekologia.kpodr.pl\/index.php\/wp-json\/wp\/v2\/comments?post=205"}],"version-history":[{"count":3,"href":"https:\/\/ekologia.kpodr.pl\/index.php\/wp-json\/wp\/v2\/posts\/205\/revisions"}],"predecessor-version":[{"id":247,"href":"https:\/\/ekologia.kpodr.pl\/index.php\/wp-json\/wp\/v2\/posts\/205\/revisions\/247"}],"wp:featuredmedia":[{"embeddable":true,"href":"https:\/\/ekologia.kpodr.pl\/index.php\/wp-json\/wp\/v2\/media\/207"}],"wp:attachment":[{"href":"https:\/\/ekologia.kpodr.pl\/index.php\/wp-json\/wp\/v2\/media?parent=205"}],"wp:term":[{"taxonomy":"category","embeddable":true,"href":"https:\/\/ekologia.kpodr.pl\/index.php\/wp-json\/wp\/v2\/categories?post=205"},{"taxonomy":"post_tag","embeddable":true,"href":"https:\/\/ekologia.kpodr.pl\/index.php\/wp-json\/wp\/v2\/tags?post=205"}],"curies":[{"name":"wp","href":"https:\/\/api.w.org\/{rel}","templated":true}]}}