{"id":1807,"date":"2025-08-11T08:12:15","date_gmt":"2025-08-11T06:12:15","guid":{"rendered":"https:\/\/ekologia.kpodr.pl\/?p=1807"},"modified":"2025-08-27T08:15:25","modified_gmt":"2025-08-27T06:15:25","slug":"warsztaty-przyrodnicze-pn-ochrona-zasobow-przyrodniczych-na-obszarach-wiejskich-wpisane-do-planu-operacyjnego-ksow-2025","status":"publish","type":"post","link":"https:\/\/ekologia.kpodr.pl\/index.php\/2025\/08\/11\/warsztaty-przyrodnicze-pn-ochrona-zasobow-przyrodniczych-na-obszarach-wiejskich-wpisane-do-planu-operacyjnego-ksow-2025\/","title":{"rendered":"Warsztaty przyrodnicze pn. \u201eOchrona zasob\u00f3w przyrodniczych na obszarach wiejskich\u201d, wpisane do Planu Operacyjnego KSOW+ 2025."},"content":{"rendered":"<p><img fetchpriority=\"high\" decoding=\"async\" class=\"aligncenter size-large wp-image-68988\" src=\"https:\/\/www.kpodr.pl\/wp-content\/uploads\/2025\/08\/logowanie-ksow-plus-1024x116.jpg\" alt=\"\" width=\"1024\" height=\"116\" data-id=\"68988\" \/><\/p>\n<p><strong>29 lipca oraz 5 sierpnia 2025 roku Kujawsko-Pomorski O\u015brodek Doradztwa Rolniczego w Minikowie mia\u0142 przyjemno\u015b\u0107 zaprosi\u0107 rolnik\u00f3w, mieszka\u0144c\u00f3w obszar\u00f3w wiejskich oraz doradc\u00f3w rolniczych na warsztaty przyrodnicze pn. \u201eOchrona zasob\u00f3w przyrodniczych na obszarach wiejskich\u201d. W ka\u017cdym spotkaniu udzia\u0142 wzi\u0119\u0142o 15 os\u00f3b.<\/strong><\/p>\n<p>Warsztaty przeprowadzi\u0142 Dawid Kilon \u2013 pasjonata, ornitolog, przyrodnik, rysownik, podr\u00f3\u017cnik, fotograf przyrody, wyk\u0142adowca na Politechnice Bydgoskiej. \u00a0Podczas warsztat\u00f3w uczestnicy dowiedzieli jak du\u017ce znaczenie w naszym \u017cyciu odgrywa r\u00f3\u017cnorodno\u015b\u0107 biologiczna. Wyk\u0142adowca pokaza\u0142 do jak wielkich zmian w populacji wybranych\u00a0 gatunk\u00f3w ro\u015blin i zwierz\u0105t doprowadzi\u0142o uproszczenie krajobrazu oraz intensyfikacja produkcji rolnej. Znikaj\u0105 ostoje przyrody, \u015brodowiska marginalne (zakrzaczenia, zadrzewienia, mokrad\u0142a), kt\u00f3re s\u0105 miejscem \u017cycia naszych sprzymierze\u0144c\u00f3w. Jednym z wielkich zagro\u017ce\u0144 dla przyrody s\u0105 gatunki inwazyjne, czyli takie gatunki, kt\u00f3re wskutek dzia\u0142alno\u015bci cz\u0142owieka zosta\u0142y wprowadzone poza obszar swojego naturalnego wyst\u0119powania. Nios\u0105 one du\u017ce ryzyko zaburze\u0144 w funkcjonowaniu lokalnych, ewolucyjnie ustabilizowanych biocenozach, poniewa\u017c zdolne s\u0105 w kr\u00f3tkim czasie zdominowa\u0107 rodzime populacje, a nawet ca\u0142e ekosystemy. Gatunki inwazyjne konkuruj\u0105 z rodzimymi o po\u017cywienie i siedliska, a tak\u017ce tworz\u0105 hybrydy z gatunkami rodzimymi. Mog\u0105 by\u0107 przyczyn\u0105 bezpo\u015bredniej toksyczno\u015bci, by\u0107 rezerwuarem paso\u017cyt\u00f3w\u00a0i nosicielami patogen\u00f3w. Wypieraj\u0105 rodzime gatunki i zuba\u017caj\u0105 pul\u0119 genow\u0105 \u015brodowiska przyrodniczego.<\/p>\n<p>Je\u015bli nie zatrzymamy szalonego tempa spadku bior\u00f3\u017cnorodno\u015bci czeka nas katastrofa ekologiczna. Nasze nieograniczone potrzeby, ci\u0105g\u0142y p\u0119d po wy\u017csze plony, ekstremalny konsumpcjonizm powoduje wymieranie kolejnych gatunk\u00f3w. W ten spos\u00f3b ograniczamy sobie mo\u017cliwo\u015b\u0107 korzystania\u00a0 z us\u0142ug ekosystemowych, kt\u00f3re s\u0105 podstaw\u0105 naszego prze\u017cycia i dobrobytu.<\/p>\n<p>Wyk\u0142adowca przedstawi\u0142 niezwykle wa\u017cn\u0105 rol\u0119 zapylaczy w przyrodzie. Pokaza\u0142 wiele przyk\u0142ad\u00f3w praktyk przyczyniaj\u0105cych si\u0119 do ochrony gatunk\u00f3w zapylaj\u0105cych. Ponadto przedstawi\u0142 sytuacj\u0119 p\u0142az\u00f3w i ptak\u00f3w. Om\u00f3wi\u0142 praktyczne dzia\u0142ania, kt\u00f3re mo\u017cemy podj\u0105\u0107 by przyczyni\u0107 si\u0119 do poprawy jako\u015bci ich \u017cycia, co prze\u0142o\u017cy si\u0119 z czasem na zwi\u0119kszenie liczebno\u015bci tych gatunk\u00f3w.<\/p>\n<p>Podczas praktycznej cz\u0119\u015bci warsztat\u00f3w uczestnicy udali si\u0119 w teren, by bli\u017cej pozna\u0107 gatunki zamieszkuj\u0105ce w okolicy. Z uwagi na miejsca szkole\u0144, zlokalizowane w bogatej przyrodniczo okolicy (\u0142\u0105ki, las, rzeka, stawy rybne) mieli mo\u017cliwo\u015b\u0107 podziwia\u0107 liczne gatunki charakterystyczne dla wyst\u0119puj\u0105cych siedlisk. Dzi\u0119ki lunecie poznali detale charakterystyczne dla obserwowanych gatunk\u00f3w. Po powrocie z terenu uczestnicy namalowali na pierwszych warsztatach bociana, kt\u00f3ry jest ptakiem bardzo charakterystycznym dla naszego kraju. Symbolizuje w kulturze ludowej wiosn\u0119, odrodzenie przyrody, p\u0142odno\u015b\u0107 i szcz\u0119\u015bcie. Podczas drugich warsztat\u00f3w uczestnicy odwzorowali zimorodka, ma\u0142ego rybo\u017cernego ptaka, zwi\u0105zanego z rzekami, jeziorami, kana\u0142ami. Zimorodek gniazduje w d\u0142ugich norach wydr\u0105\u017conych w piaszczystych skarpach, jest obj\u0119ty ochron\u0105 gatunkow\u0105.<\/p>\n<p>By\u0142a to doskona\u0142a okazja, \u017ceby dok\u0142adnie pozna\u0107 wybrane gatunki. Wyk\u0142adowca om\u00f3wi\u0142 budow\u0119 ptak\u00f3w, siedliska w kt\u00f3rym wyst\u0119puj\u0105, potrzeby pokarmowe, zwyczaje godowe, a tak\u017ce opowiedzia\u0142 \u00a0wiele ciekawostek zwi\u0105zanych z tymi gatunkami. Na koniec warsztat\u00f3w ka\u017cdy uczestnik otrzyma\u0142 karmnik dla ptak\u00f3w. Dzi\u0119ki niemu\u00a0w okresie zimowym ptaki b\u0119d\u0105 mog\u0142y korzysta\u0107 z dodatkowej sto\u0142\u00f3wki. Jest to dzia\u0142anie, kt\u00f3re prze\u0142o\u017cy si\u0119 na wymierne efekty i wesprze populacj\u0119 ptak\u00f3w.<\/p>\n<p>Tematyka warsztat\u00f3w by\u0142a nie tylko niezwykle ciekawa, ale r\u00f3wnie\u017c bardzo potrzebna, gdy\u017c kwestia r\u00f3\u017cnorodno\u015bci biologicznej dotyczy ka\u017cdego z nas, a skutki jej spadku wszyscy dotkliwie odczujemy. Wa\u017cna jest \u015bwiadomo\u015b\u0107 tego procesu oraz praktyczna wiedza na temat dobrych praktyk sprzyjaj\u0105cych bior\u00f3\u017cnorodno\u015bci.<\/p>\n<p><code id=\"envira_shortcode_1791\"><div id=\"envira-gallery-wrap-1791\" class=\"envira-gallery-wrap envira-gallery-theme-base envira-lightbox-theme-base\" itemscope itemtype=\"https:\/\/schema.org\/ImageGallery\"><div data-row-height=\"150\" data-gallery-theme=\"normal\" id=\"envira-gallery-1791\" class=\"envira-gallery-public envira-gallery-justified-public envira-gallery-0-columns envira-clear enviratope envira-gallery-css-animations\" data-envira-columns=\"0\"><div id=\"envira-gallery-item-1792\" class=\"envira-gallery-item enviratope-item envira-gallery-item-1 envira-lazy-load\" style=\"padding-left: 5px; padding-bottom: 10px; padding-right: 5px;\"  itemscope itemtype=\"https:\/\/schema.org\/ImageObject\"><div class=\"envira-gallery-item-inner\"><div class=\"envira-gallery-position-overlay  envira-gallery-top-left\"><\/div><div class=\"envira-gallery-position-overlay  envira-gallery-top-right\"><\/div><div class=\"envira-gallery-position-overlay  envira-gallery-bottom-left\"><\/div><div class=\"envira-gallery-position-overlay  envira-gallery-bottom-right\"><\/div><a href=\"https:\/\/ekologia.kpodr.pl\/wp-content\/uploads\/2025\/08\/bociany.jpg\" class=\"envira-gallery-1791 envira-gallery-link\" rel=\"enviragallery1791\" title=\"bociany\" data-envira-caption=\"bociany\" data-envira-retina=\"\" data-thumbnail=\"\"  itemprop=\"contentUrl\"><img decoding=\"async\" id=\"envira-gallery-image-1792\" class=\"envira-gallery-image envira-gallery-image-1 envira-normal envira-lazy\" data-envira-index=\"1\" src=\"https:\/\/ekologia.kpodr.pl\/wp-content\/uploads\/2025\/08\/bociany-640x480.jpg\" data-envira-src=\"https:\/\/ekologia.kpodr.pl\/wp-content\/uploads\/2025\/08\/bociany-640x480.jpg\" data-envira-gallery-id=\"1791\" data-envira-item-id=\"1792\" data-envira-caption=\"bociany\" alt=\"\" title=\"bociany\"  itemprop=\"thumbnailUrl\" data-envira-srcset=\"https:\/\/ekologia.kpodr.pl\/wp-content\/uploads\/2025\/08\/bociany-640x480.jpg 400w,https:\/\/ekologia.kpodr.pl\/wp-content\/uploads\/2025\/08\/bociany-640x480.jpg 2x\" data-envira-width=\"300\" data-envira-height=\"225\" srcset=\"data:image\/gif;base64,R0lGODlhAQABAIAAAP\/\/\/\/\/\/\/yH5BAEKAAEALAAAAAABAAEAAAICTAEAOw==\" data-safe-src=\"data:image\/gif;base64,R0lGODlhAQABAIAAAP\/\/\/\/\/\/\/yH5BAEKAAEALAAAAAABAAEAAAICTAEAOw==\" \/><\/a><\/div><\/div><div id=\"envira-gallery-item-1793\" class=\"envira-gallery-item enviratope-item envira-gallery-item-2 envira-lazy-load\" style=\"padding-left: 5px; padding-bottom: 10px; padding-right: 5px;\"  itemscope itemtype=\"https:\/\/schema.org\/ImageObject\"><div class=\"envira-gallery-item-inner\"><div class=\"envira-gallery-position-overlay  envira-gallery-top-left\"><\/div><div class=\"envira-gallery-position-overlay  envira-gallery-top-right\"><\/div><div class=\"envira-gallery-position-overlay  envira-gallery-bottom-left\"><\/div><div class=\"envira-gallery-position-overlay  envira-gallery-bottom-right\"><\/div><a href=\"https:\/\/ekologia.kpodr.pl\/wp-content\/uploads\/2025\/08\/Czesc-praktyczna-warsztatow.jpg\" class=\"envira-gallery-1791 envira-gallery-link\" rel=\"enviragallery1791\" title=\"Czesc-praktyczna-warsztatow.\" data-envira-caption=\"Czesc-praktyczna-warsztatow.\" data-envira-retina=\"\" data-thumbnail=\"\"  itemprop=\"contentUrl\"><img decoding=\"async\" id=\"envira-gallery-image-1793\" class=\"envira-gallery-image envira-gallery-image-2 envira-normal envira-lazy\" data-envira-index=\"2\" src=\"https:\/\/ekologia.kpodr.pl\/wp-content\/uploads\/2025\/08\/Czesc-praktyczna-warsztatow-640x480.jpg\" data-envira-src=\"https:\/\/ekologia.kpodr.pl\/wp-content\/uploads\/2025\/08\/Czesc-praktyczna-warsztatow-640x480.jpg\" data-envira-gallery-id=\"1791\" data-envira-item-id=\"1793\" data-envira-caption=\"Czesc-praktyczna-warsztatow.\" alt=\"\" title=\"Czesc-praktyczna-warsztatow.\"  itemprop=\"thumbnailUrl\" data-envira-srcset=\"https:\/\/ekologia.kpodr.pl\/wp-content\/uploads\/2025\/08\/Czesc-praktyczna-warsztatow-640x480.jpg 400w,https:\/\/ekologia.kpodr.pl\/wp-content\/uploads\/2025\/08\/Czesc-praktyczna-warsztatow-640x480.jpg 2x\" data-envira-width=\"225\" data-envira-height=\"300\" srcset=\"data:image\/gif;base64,R0lGODlhAQABAIAAAP\/\/\/\/\/\/\/yH5BAEKAAEALAAAAAABAAEAAAICTAEAOw==\" data-safe-src=\"data:image\/gif;base64,R0lGODlhAQABAIAAAP\/\/\/\/\/\/\/yH5BAEKAAEALAAAAAABAAEAAAICTAEAOw==\" \/><\/a><\/div><\/div><div id=\"envira-gallery-item-1794\" class=\"envira-gallery-item enviratope-item envira-gallery-item-3 envira-lazy-load\" style=\"padding-left: 5px; padding-bottom: 10px; padding-right: 5px;\"  itemscope itemtype=\"https:\/\/schema.org\/ImageObject\"><div class=\"envira-gallery-item-inner\"><div class=\"envira-gallery-position-overlay  envira-gallery-top-left\"><\/div><div class=\"envira-gallery-position-overlay  envira-gallery-top-right\"><\/div><div class=\"envira-gallery-position-overlay  envira-gallery-bottom-left\"><\/div><div class=\"envira-gallery-position-overlay  envira-gallery-bottom-right\"><\/div><a href=\"https:\/\/ekologia.kpodr.pl\/wp-content\/uploads\/2025\/08\/Czesc-praktyczna-warsztatow-1.jpg\" class=\"envira-gallery-1791 envira-gallery-link\" rel=\"enviragallery1791\" title=\"Czesc-praktyczna-warsztatow\" data-envira-caption=\"Czesc-praktyczna-warsztatow\" data-envira-retina=\"\" data-thumbnail=\"\"  itemprop=\"contentUrl\"><img decoding=\"async\" id=\"envira-gallery-image-1794\" class=\"envira-gallery-image envira-gallery-image-3 envira-normal envira-lazy\" data-envira-index=\"3\" src=\"https:\/\/ekologia.kpodr.pl\/wp-content\/uploads\/2025\/08\/Czesc-praktyczna-warsztatow-1-640x480.jpg\" data-envira-src=\"https:\/\/ekologia.kpodr.pl\/wp-content\/uploads\/2025\/08\/Czesc-praktyczna-warsztatow-1-640x480.jpg\" data-envira-gallery-id=\"1791\" data-envira-item-id=\"1794\" data-envira-caption=\"Czesc-praktyczna-warsztatow\" alt=\"\" title=\"Czesc-praktyczna-warsztatow\"  itemprop=\"thumbnailUrl\" data-envira-srcset=\"https:\/\/ekologia.kpodr.pl\/wp-content\/uploads\/2025\/08\/Czesc-praktyczna-warsztatow-1-640x480.jpg 400w,https:\/\/ekologia.kpodr.pl\/wp-content\/uploads\/2025\/08\/Czesc-praktyczna-warsztatow-1-640x480.jpg 2x\" data-envira-width=\"300\" data-envira-height=\"225\" srcset=\"data:image\/gif;base64,R0lGODlhAQABAIAAAP\/\/\/\/\/\/\/yH5BAEKAAEALAAAAAABAAEAAAICTAEAOw==\" data-safe-src=\"data:image\/gif;base64,R0lGODlhAQABAIAAAP\/\/\/\/\/\/\/yH5BAEKAAEALAAAAAABAAEAAAICTAEAOw==\" \/><\/a><\/div><\/div><div id=\"envira-gallery-item-1795\" class=\"envira-gallery-item enviratope-item envira-gallery-item-4 envira-lazy-load\" style=\"padding-left: 5px; padding-bottom: 10px; padding-right: 5px;\"  itemscope itemtype=\"https:\/\/schema.org\/ImageObject\"><div class=\"envira-gallery-item-inner\"><div class=\"envira-gallery-position-overlay  envira-gallery-top-left\"><\/div><div class=\"envira-gallery-position-overlay  envira-gallery-top-right\"><\/div><div class=\"envira-gallery-position-overlay  envira-gallery-bottom-left\"><\/div><div class=\"envira-gallery-position-overlay  envira-gallery-bottom-right\"><\/div><a href=\"https:\/\/ekologia.kpodr.pl\/wp-content\/uploads\/2025\/08\/Czesc-praktyczna-warsztatow-pn.-Ochrona-zasobow-przyrodniczych-na-obszarach-wiejskich.jpg\" class=\"envira-gallery-1791 envira-gallery-link\" rel=\"enviragallery1791\" title=\"Czesc-praktyczna-warsztatow-pn.-Ochrona-zasobow-przyrodniczych-na-obszarach-wiejskich\" data-envira-caption=\"Czesc-praktyczna-warsztatow-pn.-Ochrona-zasobow-przyrodniczych-na-obszarach-wiejskich\" data-envira-retina=\"\" data-thumbnail=\"\"  itemprop=\"contentUrl\"><img decoding=\"async\" id=\"envira-gallery-image-1795\" class=\"envira-gallery-image envira-gallery-image-4 envira-normal envira-lazy\" data-envira-index=\"4\" src=\"https:\/\/ekologia.kpodr.pl\/wp-content\/uploads\/2025\/08\/Czesc-praktyczna-warsztatow-pn.-Ochrona-zasobow-przyrodniczych-na-obszarach-wiejskich-640x480.jpg\" data-envira-src=\"https:\/\/ekologia.kpodr.pl\/wp-content\/uploads\/2025\/08\/Czesc-praktyczna-warsztatow-pn.-Ochrona-zasobow-przyrodniczych-na-obszarach-wiejskich-640x480.jpg\" data-envira-gallery-id=\"1791\" data-envira-item-id=\"1795\" data-envira-caption=\"Czesc-praktyczna-warsztatow-pn.-Ochrona-zasobow-przyrodniczych-na-obszarach-wiejskich\" alt=\"\" title=\"Czesc-praktyczna-warsztatow-pn.-Ochrona-zasobow-przyrodniczych-na-obszarach-wiejskich\"  itemprop=\"thumbnailUrl\" data-envira-srcset=\"https:\/\/ekologia.kpodr.pl\/wp-content\/uploads\/2025\/08\/Czesc-praktyczna-warsztatow-pn.-Ochrona-zasobow-przyrodniczych-na-obszarach-wiejskich-640x480.jpg 400w,https:\/\/ekologia.kpodr.pl\/wp-content\/uploads\/2025\/08\/Czesc-praktyczna-warsztatow-pn.-Ochrona-zasobow-przyrodniczych-na-obszarach-wiejskich-640x480.jpg 2x\" data-envira-width=\"225\" data-envira-height=\"300\" srcset=\"data:image\/gif;base64,R0lGODlhAQABAIAAAP\/\/\/\/\/\/\/yH5BAEKAAEALAAAAAABAAEAAAICTAEAOw==\" data-safe-src=\"data:image\/gif;base64,R0lGODlhAQABAIAAAP\/\/\/\/\/\/\/yH5BAEKAAEALAAAAAABAAEAAAICTAEAOw==\" \/><\/a><\/div><\/div><div id=\"envira-gallery-item-1796\" class=\"envira-gallery-item enviratope-item envira-gallery-item-5 envira-lazy-load\" style=\"padding-left: 5px; padding-bottom: 10px; padding-right: 5px;\"  itemscope itemtype=\"https:\/\/schema.org\/ImageObject\"><div class=\"envira-gallery-item-inner\"><div class=\"envira-gallery-position-overlay  envira-gallery-top-left\"><\/div><div class=\"envira-gallery-position-overlay  envira-gallery-top-right\"><\/div><div class=\"envira-gallery-position-overlay  envira-gallery-bottom-left\"><\/div><div class=\"envira-gallery-position-overlay  envira-gallery-bottom-right\"><\/div><a href=\"https:\/\/ekologia.kpodr.pl\/wp-content\/uploads\/2025\/08\/Dawid-Kilon-opowiada-o-szrotowku-kaszanowiaczku.jpg\" class=\"envira-gallery-1791 envira-gallery-link\" rel=\"enviragallery1791\" title=\"Dawid-Kilon-opowiada-o-szrotowku-kaszanowiaczku\" data-envira-caption=\"Dawid-Kilon-opowiada-o-szrotowku-kaszanowiaczku\" data-envira-retina=\"\" data-thumbnail=\"\"  itemprop=\"contentUrl\"><img decoding=\"async\" id=\"envira-gallery-image-1796\" class=\"envira-gallery-image envira-gallery-image-5 envira-normal envira-lazy\" data-envira-index=\"5\" src=\"https:\/\/ekologia.kpodr.pl\/wp-content\/uploads\/2025\/08\/Dawid-Kilon-opowiada-o-szrotowku-kaszanowiaczku-640x480.jpg\" data-envira-src=\"https:\/\/ekologia.kpodr.pl\/wp-content\/uploads\/2025\/08\/Dawid-Kilon-opowiada-o-szrotowku-kaszanowiaczku-640x480.jpg\" data-envira-gallery-id=\"1791\" data-envira-item-id=\"1796\" data-envira-caption=\"Dawid-Kilon-opowiada-o-szrotowku-kaszanowiaczku\" alt=\"\" title=\"Dawid-Kilon-opowiada-o-szrotowku-kaszanowiaczku\"  itemprop=\"thumbnailUrl\" data-envira-srcset=\"https:\/\/ekologia.kpodr.pl\/wp-content\/uploads\/2025\/08\/Dawid-Kilon-opowiada-o-szrotowku-kaszanowiaczku-640x480.jpg 400w,https:\/\/ekologia.kpodr.pl\/wp-content\/uploads\/2025\/08\/Dawid-Kilon-opowiada-o-szrotowku-kaszanowiaczku-640x480.jpg 2x\" data-envira-width=\"225\" data-envira-height=\"300\" srcset=\"data:image\/gif;base64,R0lGODlhAQABAIAAAP\/\/\/\/\/\/\/yH5BAEKAAEALAAAAAABAAEAAAICTAEAOw==\" data-safe-src=\"data:image\/gif;base64,R0lGODlhAQABAIAAAP\/\/\/\/\/\/\/yH5BAEKAAEALAAAAAABAAEAAAICTAEAOw==\" \/><\/a><\/div><\/div><div id=\"envira-gallery-item-1797\" class=\"envira-gallery-item enviratope-item envira-gallery-item-6 envira-lazy-load\" style=\"padding-left: 5px; padding-bottom: 10px; padding-right: 5px;\"  itemscope itemtype=\"https:\/\/schema.org\/ImageObject\"><div class=\"envira-gallery-item-inner\"><div class=\"envira-gallery-position-overlay  envira-gallery-top-left\"><\/div><div class=\"envira-gallery-position-overlay  envira-gallery-top-right\"><\/div><div class=\"envira-gallery-position-overlay  envira-gallery-bottom-left\"><\/div><div class=\"envira-gallery-position-overlay  envira-gallery-bottom-right\"><\/div><a href=\"https:\/\/ekologia.kpodr.pl\/wp-content\/uploads\/2025\/08\/Dawid-Kilon-prowadzi-wyklad.jpg\" class=\"envira-gallery-1791 envira-gallery-link\" rel=\"enviragallery1791\" title=\"Dawid-Kilon-prowadzi-wyklad\" data-envira-caption=\"Dawid-Kilon-prowadzi-wyklad\" data-envira-retina=\"\" data-thumbnail=\"\"  itemprop=\"contentUrl\"><img decoding=\"async\" id=\"envira-gallery-image-1797\" class=\"envira-gallery-image envira-gallery-image-6 envira-normal envira-lazy\" data-envira-index=\"6\" src=\"https:\/\/ekologia.kpodr.pl\/wp-content\/uploads\/2025\/08\/Dawid-Kilon-prowadzi-wyklad-640x480.jpg\" data-envira-src=\"https:\/\/ekologia.kpodr.pl\/wp-content\/uploads\/2025\/08\/Dawid-Kilon-prowadzi-wyklad-640x480.jpg\" data-envira-gallery-id=\"1791\" data-envira-item-id=\"1797\" data-envira-caption=\"Dawid-Kilon-prowadzi-wyklad\" alt=\"\" title=\"Dawid-Kilon-prowadzi-wyklad\"  itemprop=\"thumbnailUrl\" data-envira-srcset=\"https:\/\/ekologia.kpodr.pl\/wp-content\/uploads\/2025\/08\/Dawid-Kilon-prowadzi-wyklad-640x480.jpg 400w,https:\/\/ekologia.kpodr.pl\/wp-content\/uploads\/2025\/08\/Dawid-Kilon-prowadzi-wyklad-640x480.jpg 2x\" data-envira-width=\"225\" data-envira-height=\"300\" srcset=\"data:image\/gif;base64,R0lGODlhAQABAIAAAP\/\/\/\/\/\/\/yH5BAEKAAEALAAAAAABAAEAAAICTAEAOw==\" data-safe-src=\"data:image\/gif;base64,R0lGODlhAQABAIAAAP\/\/\/\/\/\/\/yH5BAEKAAEALAAAAAABAAEAAAICTAEAOw==\" \/><\/a><\/div><\/div><div id=\"envira-gallery-item-1798\" class=\"envira-gallery-item enviratope-item envira-gallery-item-7 envira-lazy-load\" style=\"padding-left: 5px; padding-bottom: 10px; padding-right: 5px;\"  itemscope itemtype=\"https:\/\/schema.org\/ImageObject\"><div class=\"envira-gallery-item-inner\"><div class=\"envira-gallery-position-overlay  envira-gallery-top-left\"><\/div><div class=\"envira-gallery-position-overlay  envira-gallery-top-right\"><\/div><div class=\"envira-gallery-position-overlay  envira-gallery-bottom-left\"><\/div><div class=\"envira-gallery-position-overlay  envira-gallery-bottom-right\"><\/div><a href=\"https:\/\/ekologia.kpodr.pl\/wp-content\/uploads\/2025\/08\/Dawid-Kilon-prowadzi-wyklad-2.jpg\" class=\"envira-gallery-1791 envira-gallery-link\" rel=\"enviragallery1791\" title=\"Dawid-Kilon-prowadzi-wyklad-2\" data-envira-caption=\"Dawid-Kilon-prowadzi-wyklad-2\" data-envira-retina=\"\" data-thumbnail=\"\"  itemprop=\"contentUrl\"><img decoding=\"async\" id=\"envira-gallery-image-1798\" class=\"envira-gallery-image envira-gallery-image-7 envira-normal envira-lazy\" data-envira-index=\"7\" src=\"https:\/\/ekologia.kpodr.pl\/wp-content\/uploads\/2025\/08\/Dawid-Kilon-prowadzi-wyklad-2-640x480.jpg\" data-envira-src=\"https:\/\/ekologia.kpodr.pl\/wp-content\/uploads\/2025\/08\/Dawid-Kilon-prowadzi-wyklad-2-640x480.jpg\" data-envira-gallery-id=\"1791\" data-envira-item-id=\"1798\" data-envira-caption=\"Dawid-Kilon-prowadzi-wyklad-2\" alt=\"\" title=\"Dawid-Kilon-prowadzi-wyklad-2\"  itemprop=\"thumbnailUrl\" data-envira-srcset=\"https:\/\/ekologia.kpodr.pl\/wp-content\/uploads\/2025\/08\/Dawid-Kilon-prowadzi-wyklad-2-640x480.jpg 400w,https:\/\/ekologia.kpodr.pl\/wp-content\/uploads\/2025\/08\/Dawid-Kilon-prowadzi-wyklad-2-640x480.jpg 2x\" data-envira-width=\"300\" data-envira-height=\"225\" srcset=\"data:image\/gif;base64,R0lGODlhAQABAIAAAP\/\/\/\/\/\/\/yH5BAEKAAEALAAAAAABAAEAAAICTAEAOw==\" data-safe-src=\"data:image\/gif;base64,R0lGODlhAQABAIAAAP\/\/\/\/\/\/\/yH5BAEKAAEALAAAAAABAAEAAAICTAEAOw==\" \/><\/a><\/div><\/div><div id=\"envira-gallery-item-1799\" class=\"envira-gallery-item enviratope-item envira-gallery-item-8 envira-lazy-load\" style=\"padding-left: 5px; padding-bottom: 10px; padding-right: 5px;\"  itemscope itemtype=\"https:\/\/schema.org\/ImageObject\"><div class=\"envira-gallery-item-inner\"><div class=\"envira-gallery-position-overlay  envira-gallery-top-left\"><\/div><div class=\"envira-gallery-position-overlay  envira-gallery-top-right\"><\/div><div class=\"envira-gallery-position-overlay  envira-gallery-bottom-left\"><\/div><div class=\"envira-gallery-position-overlay  envira-gallery-bottom-right\"><\/div><a href=\"https:\/\/ekologia.kpodr.pl\/wp-content\/uploads\/2025\/08\/Karmniki-dla-uczestnikow-warsztatow.jpg\" class=\"envira-gallery-1791 envira-gallery-link\" rel=\"enviragallery1791\" title=\"Karmniki-dla-uczestnikow-warsztatow\" data-envira-caption=\"Karmniki-dla-uczestnikow-warsztatow\" data-envira-retina=\"\" data-thumbnail=\"\"  itemprop=\"contentUrl\"><img decoding=\"async\" id=\"envira-gallery-image-1799\" class=\"envira-gallery-image envira-gallery-image-8 envira-normal envira-lazy\" data-envira-index=\"8\" src=\"https:\/\/ekologia.kpodr.pl\/wp-content\/uploads\/2025\/08\/Karmniki-dla-uczestnikow-warsztatow-640x480.jpg\" data-envira-src=\"https:\/\/ekologia.kpodr.pl\/wp-content\/uploads\/2025\/08\/Karmniki-dla-uczestnikow-warsztatow-640x480.jpg\" data-envira-gallery-id=\"1791\" data-envira-item-id=\"1799\" data-envira-caption=\"Karmniki-dla-uczestnikow-warsztatow\" alt=\"\" title=\"Karmniki-dla-uczestnikow-warsztatow\"  itemprop=\"thumbnailUrl\" data-envira-srcset=\"https:\/\/ekologia.kpodr.pl\/wp-content\/uploads\/2025\/08\/Karmniki-dla-uczestnikow-warsztatow-640x480.jpg 400w,https:\/\/ekologia.kpodr.pl\/wp-content\/uploads\/2025\/08\/Karmniki-dla-uczestnikow-warsztatow-640x480.jpg 2x\" data-envira-width=\"300\" data-envira-height=\"225\" srcset=\"data:image\/gif;base64,R0lGODlhAQABAIAAAP\/\/\/\/\/\/\/yH5BAEKAAEALAAAAAABAAEAAAICTAEAOw==\" data-safe-src=\"data:image\/gif;base64,R0lGODlhAQABAIAAAP\/\/\/\/\/\/\/yH5BAEKAAEALAAAAAABAAEAAAICTAEAOw==\" \/><\/a><\/div><\/div><div id=\"envira-gallery-item-1800\" class=\"envira-gallery-item enviratope-item envira-gallery-item-9 envira-lazy-load\" style=\"padding-left: 5px; padding-bottom: 10px; padding-right: 5px;\"  itemscope itemtype=\"https:\/\/schema.org\/ImageObject\"><div class=\"envira-gallery-item-inner\"><div class=\"envira-gallery-position-overlay  envira-gallery-top-left\"><\/div><div class=\"envira-gallery-position-overlay  envira-gallery-top-right\"><\/div><div class=\"envira-gallery-position-overlay  envira-gallery-bottom-left\"><\/div><div class=\"envira-gallery-position-overlay  envira-gallery-bottom-right\"><\/div><a href=\"https:\/\/ekologia.kpodr.pl\/wp-content\/uploads\/2025\/08\/Prace-uczestnikow-warszatow.jpg\" class=\"envira-gallery-1791 envira-gallery-link\" rel=\"enviragallery1791\" title=\"Prace-uczestnikow-warszatow\" data-envira-caption=\"Prace-uczestnikow-warszatow\" data-envira-retina=\"\" data-thumbnail=\"\"  itemprop=\"contentUrl\"><img decoding=\"async\" id=\"envira-gallery-image-1800\" class=\"envira-gallery-image envira-gallery-image-9 envira-normal envira-lazy\" data-envira-index=\"9\" src=\"https:\/\/ekologia.kpodr.pl\/wp-content\/uploads\/2025\/08\/Prace-uczestnikow-warszatow-640x480.jpg\" data-envira-src=\"https:\/\/ekologia.kpodr.pl\/wp-content\/uploads\/2025\/08\/Prace-uczestnikow-warszatow-640x480.jpg\" data-envira-gallery-id=\"1791\" data-envira-item-id=\"1800\" data-envira-caption=\"Prace-uczestnikow-warszatow\" alt=\"\" title=\"Prace-uczestnikow-warszatow\"  itemprop=\"thumbnailUrl\" data-envira-srcset=\"https:\/\/ekologia.kpodr.pl\/wp-content\/uploads\/2025\/08\/Prace-uczestnikow-warszatow-640x480.jpg 400w,https:\/\/ekologia.kpodr.pl\/wp-content\/uploads\/2025\/08\/Prace-uczestnikow-warszatow-640x480.jpg 2x\" data-envira-width=\"225\" data-envira-height=\"300\" srcset=\"data:image\/gif;base64,R0lGODlhAQABAIAAAP\/\/\/\/\/\/\/yH5BAEKAAEALAAAAAABAAEAAAICTAEAOw==\" data-safe-src=\"data:image\/gif;base64,R0lGODlhAQABAIAAAP\/\/\/\/\/\/\/yH5BAEKAAEALAAAAAABAAEAAAICTAEAOw==\" \/><\/a><\/div><\/div><div id=\"envira-gallery-item-1801\" class=\"envira-gallery-item enviratope-item envira-gallery-item-10 envira-lazy-load\" style=\"padding-left: 5px; padding-bottom: 10px; padding-right: 5px;\"  itemscope itemtype=\"https:\/\/schema.org\/ImageObject\"><div class=\"envira-gallery-item-inner\"><div class=\"envira-gallery-position-overlay  envira-gallery-top-left\"><\/div><div class=\"envira-gallery-position-overlay  envira-gallery-top-right\"><\/div><div class=\"envira-gallery-position-overlay  envira-gallery-bottom-left\"><\/div><div class=\"envira-gallery-position-overlay  envira-gallery-bottom-right\"><\/div><a href=\"https:\/\/ekologia.kpodr.pl\/wp-content\/uploads\/2025\/08\/Prace-uczestnikow-warsztatow.jpg\" class=\"envira-gallery-1791 envira-gallery-link\" rel=\"enviragallery1791\" title=\"Prace-uczestnikow-warsztatow\" data-envira-caption=\"Prace-uczestnikow-warsztatow\" data-envira-retina=\"\" data-thumbnail=\"\"  itemprop=\"contentUrl\"><img decoding=\"async\" id=\"envira-gallery-image-1801\" class=\"envira-gallery-image envira-gallery-image-10 envira-normal envira-lazy\" data-envira-index=\"10\" src=\"https:\/\/ekologia.kpodr.pl\/wp-content\/uploads\/2025\/08\/Prace-uczestnikow-warsztatow-640x480.jpg\" data-envira-src=\"https:\/\/ekologia.kpodr.pl\/wp-content\/uploads\/2025\/08\/Prace-uczestnikow-warsztatow-640x480.jpg\" data-envira-gallery-id=\"1791\" data-envira-item-id=\"1801\" data-envira-caption=\"Prace-uczestnikow-warsztatow\" alt=\"\" title=\"Prace-uczestnikow-warsztatow\"  itemprop=\"thumbnailUrl\" data-envira-srcset=\"https:\/\/ekologia.kpodr.pl\/wp-content\/uploads\/2025\/08\/Prace-uczestnikow-warsztatow-640x480.jpg 400w,https:\/\/ekologia.kpodr.pl\/wp-content\/uploads\/2025\/08\/Prace-uczestnikow-warsztatow-640x480.jpg 2x\" data-envira-width=\"225\" data-envira-height=\"300\" srcset=\"data:image\/gif;base64,R0lGODlhAQABAIAAAP\/\/\/\/\/\/\/yH5BAEKAAEALAAAAAABAAEAAAICTAEAOw==\" data-safe-src=\"data:image\/gif;base64,R0lGODlhAQABAIAAAP\/\/\/\/\/\/\/yH5BAEKAAEALAAAAAABAAEAAAICTAEAOw==\" \/><\/a><\/div><\/div><div id=\"envira-gallery-item-1802\" class=\"envira-gallery-item enviratope-item envira-gallery-item-11 envira-lazy-load\" style=\"padding-left: 5px; padding-bottom: 10px; padding-right: 5px;\"  itemscope itemtype=\"https:\/\/schema.org\/ImageObject\"><div class=\"envira-gallery-item-inner\"><div class=\"envira-gallery-position-overlay  envira-gallery-top-left\"><\/div><div class=\"envira-gallery-position-overlay  envira-gallery-top-right\"><\/div><div class=\"envira-gallery-position-overlay  envira-gallery-bottom-left\"><\/div><div class=\"envira-gallery-position-overlay  envira-gallery-bottom-right\"><\/div><a href=\"https:\/\/ekologia.kpodr.pl\/wp-content\/uploads\/2025\/08\/Prowadzacy-Dawid-Kilon-oraz-uczestnicy-warsztatow.jpg\" class=\"envira-gallery-1791 envira-gallery-link\" rel=\"enviragallery1791\" title=\"Prowadzacy-Dawid-Kilon-oraz-uczestnicy-warsztatow\" data-envira-caption=\"Prowadzacy-Dawid-Kilon-oraz-uczestnicy-warsztatow\" data-envira-retina=\"\" data-thumbnail=\"\"  itemprop=\"contentUrl\"><img decoding=\"async\" id=\"envira-gallery-image-1802\" class=\"envira-gallery-image envira-gallery-image-11 envira-normal envira-lazy\" data-envira-index=\"11\" src=\"https:\/\/ekologia.kpodr.pl\/wp-content\/uploads\/2025\/08\/Prowadzacy-Dawid-Kilon-oraz-uczestnicy-warsztatow-640x480.jpg\" data-envira-src=\"https:\/\/ekologia.kpodr.pl\/wp-content\/uploads\/2025\/08\/Prowadzacy-Dawid-Kilon-oraz-uczestnicy-warsztatow-640x480.jpg\" data-envira-gallery-id=\"1791\" data-envira-item-id=\"1802\" data-envira-caption=\"Prowadzacy-Dawid-Kilon-oraz-uczestnicy-warsztatow\" alt=\"\" title=\"Prowadzacy-Dawid-Kilon-oraz-uczestnicy-warsztatow\"  itemprop=\"thumbnailUrl\" data-envira-srcset=\"https:\/\/ekologia.kpodr.pl\/wp-content\/uploads\/2025\/08\/Prowadzacy-Dawid-Kilon-oraz-uczestnicy-warsztatow-640x480.jpg 400w,https:\/\/ekologia.kpodr.pl\/wp-content\/uploads\/2025\/08\/Prowadzacy-Dawid-Kilon-oraz-uczestnicy-warsztatow-640x480.jpg 2x\" data-envira-width=\"300\" data-envira-height=\"225\" srcset=\"data:image\/gif;base64,R0lGODlhAQABAIAAAP\/\/\/\/\/\/\/yH5BAEKAAEALAAAAAABAAEAAAICTAEAOw==\" data-safe-src=\"data:image\/gif;base64,R0lGODlhAQABAIAAAP\/\/\/\/\/\/\/yH5BAEKAAEALAAAAAABAAEAAAICTAEAOw==\" \/><\/a><\/div><\/div><div id=\"envira-gallery-item-1803\" class=\"envira-gallery-item enviratope-item envira-gallery-item-12 envira-lazy-load\" style=\"padding-left: 5px; padding-bottom: 10px; padding-right: 5px;\"  itemscope itemtype=\"https:\/\/schema.org\/ImageObject\"><div class=\"envira-gallery-item-inner\"><div class=\"envira-gallery-position-overlay  envira-gallery-top-left\"><\/div><div class=\"envira-gallery-position-overlay  envira-gallery-top-right\"><\/div><div class=\"envira-gallery-position-overlay  envira-gallery-bottom-left\"><\/div><div class=\"envira-gallery-position-overlay  envira-gallery-bottom-right\"><\/div><a href=\"https:\/\/ekologia.kpodr.pl\/wp-content\/uploads\/2025\/08\/Prowadzacy-pokazuje-jak-namalowac-szczegoly.jpg\" class=\"envira-gallery-1791 envira-gallery-link\" rel=\"enviragallery1791\" title=\"Prowadzacy-pokazuje-jak-namalowac-szczegoly\" data-envira-caption=\"Prowadzacy-pokazuje-jak-namalowac-szczegoly\" data-envira-retina=\"\" data-thumbnail=\"\"  itemprop=\"contentUrl\"><img decoding=\"async\" id=\"envira-gallery-image-1803\" class=\"envira-gallery-image envira-gallery-image-12 envira-normal envira-lazy\" data-envira-index=\"12\" src=\"https:\/\/ekologia.kpodr.pl\/wp-content\/uploads\/2025\/08\/Prowadzacy-pokazuje-jak-namalowac-szczegoly-640x480.jpg\" data-envira-src=\"https:\/\/ekologia.kpodr.pl\/wp-content\/uploads\/2025\/08\/Prowadzacy-pokazuje-jak-namalowac-szczegoly-640x480.jpg\" data-envira-gallery-id=\"1791\" data-envira-item-id=\"1803\" data-envira-caption=\"Prowadzacy-pokazuje-jak-namalowac-szczegoly\" alt=\"\" title=\"Prowadzacy-pokazuje-jak-namalowac-szczegoly\"  itemprop=\"thumbnailUrl\" data-envira-srcset=\"https:\/\/ekologia.kpodr.pl\/wp-content\/uploads\/2025\/08\/Prowadzacy-pokazuje-jak-namalowac-szczegoly-640x480.jpg 400w,https:\/\/ekologia.kpodr.pl\/wp-content\/uploads\/2025\/08\/Prowadzacy-pokazuje-jak-namalowac-szczegoly-640x480.jpg 2x\" data-envira-width=\"300\" data-envira-height=\"225\" srcset=\"data:image\/gif;base64,R0lGODlhAQABAIAAAP\/\/\/\/\/\/\/yH5BAEKAAEALAAAAAABAAEAAAICTAEAOw==\" data-safe-src=\"data:image\/gif;base64,R0lGODlhAQABAIAAAP\/\/\/\/\/\/\/yH5BAEKAAEALAAAAAABAAEAAAICTAEAOw==\" \/><\/a><\/div><\/div><div id=\"envira-gallery-item-1804\" class=\"envira-gallery-item enviratope-item envira-gallery-item-13 envira-lazy-load\" style=\"padding-left: 5px; padding-bottom: 10px; padding-right: 5px;\"  itemscope itemtype=\"https:\/\/schema.org\/ImageObject\"><div class=\"envira-gallery-item-inner\"><div class=\"envira-gallery-position-overlay  envira-gallery-top-left\"><\/div><div class=\"envira-gallery-position-overlay  envira-gallery-top-right\"><\/div><div class=\"envira-gallery-position-overlay  envira-gallery-bottom-left\"><\/div><div class=\"envira-gallery-position-overlay  envira-gallery-bottom-right\"><\/div><a href=\"https:\/\/ekologia.kpodr.pl\/wp-content\/uploads\/2025\/08\/Prowadzacy-pokazuje-w-jaki-sposob-zachowac-proporcje.jpg\" class=\"envira-gallery-1791 envira-gallery-link\" rel=\"enviragallery1791\" title=\"Prowadzacy-pokazuje-w-jaki-sposob-zachowac-proporcje\" data-envira-caption=\"Prowadzacy-pokazuje-w-jaki-sposob-zachowac-proporcje\" data-envira-retina=\"\" data-thumbnail=\"\"  itemprop=\"contentUrl\"><img decoding=\"async\" id=\"envira-gallery-image-1804\" class=\"envira-gallery-image envira-gallery-image-13 envira-normal envira-lazy\" data-envira-index=\"13\" src=\"https:\/\/ekologia.kpodr.pl\/wp-content\/uploads\/2025\/08\/Prowadzacy-pokazuje-w-jaki-sposob-zachowac-proporcje-640x480.jpg\" data-envira-src=\"https:\/\/ekologia.kpodr.pl\/wp-content\/uploads\/2025\/08\/Prowadzacy-pokazuje-w-jaki-sposob-zachowac-proporcje-640x480.jpg\" data-envira-gallery-id=\"1791\" data-envira-item-id=\"1804\" data-envira-caption=\"Prowadzacy-pokazuje-w-jaki-sposob-zachowac-proporcje\" alt=\"\" title=\"Prowadzacy-pokazuje-w-jaki-sposob-zachowac-proporcje\"  itemprop=\"thumbnailUrl\" data-envira-srcset=\"https:\/\/ekologia.kpodr.pl\/wp-content\/uploads\/2025\/08\/Prowadzacy-pokazuje-w-jaki-sposob-zachowac-proporcje-640x480.jpg 400w,https:\/\/ekologia.kpodr.pl\/wp-content\/uploads\/2025\/08\/Prowadzacy-pokazuje-w-jaki-sposob-zachowac-proporcje-640x480.jpg 2x\" data-envira-width=\"225\" data-envira-height=\"300\" srcset=\"data:image\/gif;base64,R0lGODlhAQABAIAAAP\/\/\/\/\/\/\/yH5BAEKAAEALAAAAAABAAEAAAICTAEAOw==\" data-safe-src=\"data:image\/gif;base64,R0lGODlhAQABAIAAAP\/\/\/\/\/\/\/yH5BAEKAAEALAAAAAABAAEAAAICTAEAOw==\" \/><\/a><\/div><\/div><div id=\"envira-gallery-item-1805\" class=\"envira-gallery-item enviratope-item envira-gallery-item-14 envira-lazy-load\" style=\"padding-left: 5px; padding-bottom: 10px; padding-right: 5px;\"  itemscope itemtype=\"https:\/\/schema.org\/ImageObject\"><div class=\"envira-gallery-item-inner\"><div class=\"envira-gallery-position-overlay  envira-gallery-top-left\"><\/div><div class=\"envira-gallery-position-overlay  envira-gallery-top-right\"><\/div><div class=\"envira-gallery-position-overlay  envira-gallery-bottom-left\"><\/div><div class=\"envira-gallery-position-overlay  envira-gallery-bottom-right\"><\/div><a href=\"https:\/\/ekologia.kpodr.pl\/wp-content\/uploads\/2025\/08\/Przystanek-przy-tablicy-edukacujnej-na-temat-zasobow-przyrodniczych-okolicy.jpg\" class=\"envira-gallery-1791 envira-gallery-link\" rel=\"enviragallery1791\" title=\"Przystanek-przy-tablicy-edukacujnej-na-temat-zasobow-przyrodniczych-okolicy\" data-envira-caption=\"Przystanek-przy-tablicy-edukacujnej-na-temat-zasobow-przyrodniczych-okolicy\" data-envira-retina=\"\" data-thumbnail=\"\"  itemprop=\"contentUrl\"><img decoding=\"async\" id=\"envira-gallery-image-1805\" class=\"envira-gallery-image envira-gallery-image-14 envira-normal envira-lazy\" data-envira-index=\"14\" src=\"https:\/\/ekologia.kpodr.pl\/wp-content\/uploads\/2025\/08\/Przystanek-przy-tablicy-edukacujnej-na-temat-zasobow-przyrodniczych-okolicy-640x480.jpg\" data-envira-src=\"https:\/\/ekologia.kpodr.pl\/wp-content\/uploads\/2025\/08\/Przystanek-przy-tablicy-edukacujnej-na-temat-zasobow-przyrodniczych-okolicy-640x480.jpg\" data-envira-gallery-id=\"1791\" data-envira-item-id=\"1805\" data-envira-caption=\"Przystanek-przy-tablicy-edukacujnej-na-temat-zasobow-przyrodniczych-okolicy\" alt=\"\" title=\"Przystanek-przy-tablicy-edukacujnej-na-temat-zasobow-przyrodniczych-okolicy\"  itemprop=\"thumbnailUrl\" data-envira-srcset=\"https:\/\/ekologia.kpodr.pl\/wp-content\/uploads\/2025\/08\/Przystanek-przy-tablicy-edukacujnej-na-temat-zasobow-przyrodniczych-okolicy-640x480.jpg 400w,https:\/\/ekologia.kpodr.pl\/wp-content\/uploads\/2025\/08\/Przystanek-przy-tablicy-edukacujnej-na-temat-zasobow-przyrodniczych-okolicy-640x480.jpg 2x\" data-envira-width=\"300\" data-envira-height=\"225\" srcset=\"data:image\/gif;base64,R0lGODlhAQABAIAAAP\/\/\/\/\/\/\/yH5BAEKAAEALAAAAAABAAEAAAICTAEAOw==\" data-safe-src=\"data:image\/gif;base64,R0lGODlhAQABAIAAAP\/\/\/\/\/\/\/yH5BAEKAAEALAAAAAABAAEAAAICTAEAOw==\" \/><\/a><\/div><\/div><div id=\"envira-gallery-item-1806\" class=\"envira-gallery-item enviratope-item envira-gallery-item-15 envira-lazy-load\" style=\"padding-left: 5px; padding-bottom: 10px; padding-right: 5px;\"  itemscope itemtype=\"https:\/\/schema.org\/ImageObject\"><div class=\"envira-gallery-item-inner\"><div class=\"envira-gallery-position-overlay  envira-gallery-top-left\"><\/div><div class=\"envira-gallery-position-overlay  envira-gallery-top-right\"><\/div><div class=\"envira-gallery-position-overlay  envira-gallery-bottom-left\"><\/div><div class=\"envira-gallery-position-overlay  envira-gallery-bottom-right\"><\/div><a href=\"https:\/\/ekologia.kpodr.pl\/wp-content\/uploads\/2025\/08\/Uczestnicy-gotowi-do-malowania.jpg\" class=\"envira-gallery-1791 envira-gallery-link\" rel=\"enviragallery1791\" title=\"Uczestnicy-gotowi-do-malowania\" data-envira-caption=\"Uczestnicy-gotowi-do-malowania\" data-envira-retina=\"\" data-thumbnail=\"\"  itemprop=\"contentUrl\"><img decoding=\"async\" id=\"envira-gallery-image-1806\" class=\"envira-gallery-image envira-gallery-image-15 envira-normal envira-lazy\" data-envira-index=\"15\" src=\"https:\/\/ekologia.kpodr.pl\/wp-content\/uploads\/2025\/08\/Uczestnicy-gotowi-do-malowania-640x480.jpg\" data-envira-src=\"https:\/\/ekologia.kpodr.pl\/wp-content\/uploads\/2025\/08\/Uczestnicy-gotowi-do-malowania-640x480.jpg\" data-envira-gallery-id=\"1791\" data-envira-item-id=\"1806\" data-envira-caption=\"Uczestnicy-gotowi-do-malowania\" alt=\"\" title=\"Uczestnicy-gotowi-do-malowania\"  itemprop=\"thumbnailUrl\" data-envira-srcset=\"https:\/\/ekologia.kpodr.pl\/wp-content\/uploads\/2025\/08\/Uczestnicy-gotowi-do-malowania-640x480.jpg 400w,https:\/\/ekologia.kpodr.pl\/wp-content\/uploads\/2025\/08\/Uczestnicy-gotowi-do-malowania-640x480.jpg 2x\" data-envira-width=\"300\" data-envira-height=\"225\" srcset=\"data:image\/gif;base64,R0lGODlhAQABAIAAAP\/\/\/\/\/\/\/yH5BAEKAAEALAAAAAABAAEAAAICTAEAOw==\" data-safe-src=\"data:image\/gif;base64,R0lGODlhAQABAIAAAP\/\/\/\/\/\/\/yH5BAEKAAEALAAAAAABAAEAAAICTAEAOw==\" \/><\/a><\/div><\/div><div id=\"envira-gallery-item-1808\" class=\"envira-gallery-item enviratope-item envira-gallery-item-16 envira-lazy-load\" style=\"padding-left: 5px; padding-bottom: 10px; padding-right: 5px;\"  itemscope itemtype=\"https:\/\/schema.org\/ImageObject\"><div class=\"envira-gallery-item-inner\"><div class=\"envira-gallery-position-overlay  envira-gallery-top-left\"><\/div><div class=\"envira-gallery-position-overlay  envira-gallery-top-right\"><\/div><div class=\"envira-gallery-position-overlay  envira-gallery-bottom-left\"><\/div><div class=\"envira-gallery-position-overlay  envira-gallery-bottom-right\"><\/div><a href=\"https:\/\/ekologia.kpodr.pl\/wp-content\/uploads\/2025\/08\/Uczestnicy-podziwiaja-makolagwe-przez-lunete.jpg\" class=\"envira-gallery-1791 envira-gallery-link\" rel=\"enviragallery1791\" title=\"Uczestnicy-podziwiaja-makolagwe-przez-lunete\" data-envira-caption=\"Uczestnicy-podziwiaja-makolagwe-przez-lunete\" data-envira-retina=\"\" data-thumbnail=\"\"  itemprop=\"contentUrl\"><img decoding=\"async\" id=\"envira-gallery-image-1808\" class=\"envira-gallery-image envira-gallery-image-16 envira-normal envira-lazy\" data-envira-index=\"16\" src=\"https:\/\/ekologia.kpodr.pl\/wp-content\/uploads\/2025\/08\/Uczestnicy-podziwiaja-makolagwe-przez-lunete-640x480.jpg\" data-envira-src=\"https:\/\/ekologia.kpodr.pl\/wp-content\/uploads\/2025\/08\/Uczestnicy-podziwiaja-makolagwe-przez-lunete-640x480.jpg\" data-envira-gallery-id=\"1791\" data-envira-item-id=\"1808\" data-envira-caption=\"Uczestnicy-podziwiaja-makolagwe-przez-lunete\" alt=\"\" title=\"Uczestnicy-podziwiaja-makolagwe-przez-lunete\"  itemprop=\"thumbnailUrl\" data-envira-srcset=\"https:\/\/ekologia.kpodr.pl\/wp-content\/uploads\/2025\/08\/Uczestnicy-podziwiaja-makolagwe-przez-lunete-640x480.jpg 400w,https:\/\/ekologia.kpodr.pl\/wp-content\/uploads\/2025\/08\/Uczestnicy-podziwiaja-makolagwe-przez-lunete-640x480.jpg 2x\" data-envira-width=\"300\" data-envira-height=\"225\" srcset=\"data:image\/gif;base64,R0lGODlhAQABAIAAAP\/\/\/\/\/\/\/yH5BAEKAAEALAAAAAABAAEAAAICTAEAOw==\" data-safe-src=\"data:image\/gif;base64,R0lGODlhAQABAIAAAP\/\/\/\/\/\/\/yH5BAEKAAEALAAAAAABAAEAAAICTAEAOw==\" \/><\/a><\/div><\/div><div id=\"envira-gallery-item-1809\" class=\"envira-gallery-item enviratope-item envira-gallery-item-17 envira-lazy-load\" style=\"padding-left: 5px; padding-bottom: 10px; padding-right: 5px;\"  itemscope itemtype=\"https:\/\/schema.org\/ImageObject\"><div class=\"envira-gallery-item-inner\"><div class=\"envira-gallery-position-overlay  envira-gallery-top-left\"><\/div><div class=\"envira-gallery-position-overlay  envira-gallery-top-right\"><\/div><div class=\"envira-gallery-position-overlay  envira-gallery-bottom-left\"><\/div><div class=\"envira-gallery-position-overlay  envira-gallery-bottom-right\"><\/div><a href=\"https:\/\/ekologia.kpodr.pl\/wp-content\/uploads\/2025\/08\/Uczestnicy-szkolenia-w-rezerwacie-Hedera-w-Minikowie.jpg\" class=\"envira-gallery-1791 envira-gallery-link\" rel=\"enviragallery1791\" title=\"Uczestnicy-szkolenia-w-rezerwacie-Hedera-w-Minikowie\" data-envira-caption=\"Uczestnicy-szkolenia-w-rezerwacie-Hedera-w-Minikowie\" data-envira-retina=\"\" data-thumbnail=\"\"  itemprop=\"contentUrl\"><img decoding=\"async\" id=\"envira-gallery-image-1809\" class=\"envira-gallery-image envira-gallery-image-17 envira-normal envira-lazy\" data-envira-index=\"17\" src=\"https:\/\/ekologia.kpodr.pl\/wp-content\/uploads\/2025\/08\/Uczestnicy-szkolenia-w-rezerwacie-Hedera-w-Minikowie-640x480.jpg\" data-envira-src=\"https:\/\/ekologia.kpodr.pl\/wp-content\/uploads\/2025\/08\/Uczestnicy-szkolenia-w-rezerwacie-Hedera-w-Minikowie-640x480.jpg\" data-envira-gallery-id=\"1791\" data-envira-item-id=\"1809\" data-envira-caption=\"Uczestnicy-szkolenia-w-rezerwacie-Hedera-w-Minikowie\" alt=\"\" title=\"Uczestnicy-szkolenia-w-rezerwacie-Hedera-w-Minikowie\"  itemprop=\"thumbnailUrl\" data-envira-srcset=\"https:\/\/ekologia.kpodr.pl\/wp-content\/uploads\/2025\/08\/Uczestnicy-szkolenia-w-rezerwacie-Hedera-w-Minikowie-640x480.jpg 400w,https:\/\/ekologia.kpodr.pl\/wp-content\/uploads\/2025\/08\/Uczestnicy-szkolenia-w-rezerwacie-Hedera-w-Minikowie-640x480.jpg 2x\" data-envira-width=\"300\" data-envira-height=\"225\" srcset=\"data:image\/gif;base64,R0lGODlhAQABAIAAAP\/\/\/\/\/\/\/yH5BAEKAAEALAAAAAABAAEAAAICTAEAOw==\" data-safe-src=\"data:image\/gif;base64,R0lGODlhAQABAIAAAP\/\/\/\/\/\/\/yH5BAEKAAEALAAAAAABAAEAAAICTAEAOw==\" \/><\/a><\/div><\/div><div id=\"envira-gallery-item-1810\" class=\"envira-gallery-item enviratope-item envira-gallery-item-18 envira-lazy-load\" style=\"padding-left: 5px; padding-bottom: 10px; padding-right: 5px;\"  itemscope itemtype=\"https:\/\/schema.org\/ImageObject\"><div class=\"envira-gallery-item-inner\"><div class=\"envira-gallery-position-overlay  envira-gallery-top-left\"><\/div><div class=\"envira-gallery-position-overlay  envira-gallery-top-right\"><\/div><div class=\"envira-gallery-position-overlay  envira-gallery-bottom-left\"><\/div><div class=\"envira-gallery-position-overlay  envira-gallery-bottom-right\"><\/div><a href=\"https:\/\/ekologia.kpodr.pl\/wp-content\/uploads\/2025\/08\/Uczestnicy-warszatow-otrzymali-karmniki-dla-ptakow.jpg\" class=\"envira-gallery-1791 envira-gallery-link\" rel=\"enviragallery1791\" title=\"Uczestnicy-warszatow-otrzymali-karmniki-dla-ptakow\" data-envira-caption=\"Uczestnicy-warszatow-otrzymali-karmniki-dla-ptakow\" data-envira-retina=\"\" data-thumbnail=\"\"  itemprop=\"contentUrl\"><img decoding=\"async\" id=\"envira-gallery-image-1810\" class=\"envira-gallery-image envira-gallery-image-18 envira-normal envira-lazy\" data-envira-index=\"18\" src=\"https:\/\/ekologia.kpodr.pl\/wp-content\/uploads\/2025\/08\/Uczestnicy-warszatow-otrzymali-karmniki-dla-ptakow-640x480.jpg\" data-envira-src=\"https:\/\/ekologia.kpodr.pl\/wp-content\/uploads\/2025\/08\/Uczestnicy-warszatow-otrzymali-karmniki-dla-ptakow-640x480.jpg\" data-envira-gallery-id=\"1791\" data-envira-item-id=\"1810\" data-envira-caption=\"Uczestnicy-warszatow-otrzymali-karmniki-dla-ptakow\" alt=\"\" title=\"Uczestnicy-warszatow-otrzymali-karmniki-dla-ptakow\"  itemprop=\"thumbnailUrl\" data-envira-srcset=\"https:\/\/ekologia.kpodr.pl\/wp-content\/uploads\/2025\/08\/Uczestnicy-warszatow-otrzymali-karmniki-dla-ptakow-640x480.jpg 400w,https:\/\/ekologia.kpodr.pl\/wp-content\/uploads\/2025\/08\/Uczestnicy-warszatow-otrzymali-karmniki-dla-ptakow-640x480.jpg 2x\" data-envira-width=\"300\" data-envira-height=\"225\" srcset=\"data:image\/gif;base64,R0lGODlhAQABAIAAAP\/\/\/\/\/\/\/yH5BAEKAAEALAAAAAABAAEAAAICTAEAOw==\" data-safe-src=\"data:image\/gif;base64,R0lGODlhAQABAIAAAP\/\/\/\/\/\/\/yH5BAEKAAEALAAAAAABAAEAAAICTAEAOw==\" \/><\/a><\/div><\/div><div id=\"envira-gallery-item-1811\" class=\"envira-gallery-item enviratope-item envira-gallery-item-19 envira-lazy-load\" style=\"padding-left: 5px; padding-bottom: 10px; padding-right: 5px;\"  itemscope itemtype=\"https:\/\/schema.org\/ImageObject\"><div class=\"envira-gallery-item-inner\"><div class=\"envira-gallery-position-overlay  envira-gallery-top-left\"><\/div><div class=\"envira-gallery-position-overlay  envira-gallery-top-right\"><\/div><div class=\"envira-gallery-position-overlay  envira-gallery-bottom-left\"><\/div><div class=\"envira-gallery-position-overlay  envira-gallery-bottom-right\"><\/div><a href=\"https:\/\/ekologia.kpodr.pl\/wp-content\/uploads\/2025\/08\/Uczestnicy-warsztatow-na-tropie-ciekawych-gatunkow-ptakow.jpg\" class=\"envira-gallery-1791 envira-gallery-link\" rel=\"enviragallery1791\" title=\"Uczestnicy-warsztatow-na-tropie-ciekawych-gatunkow-ptakow\" data-envira-caption=\"Uczestnicy-warsztatow-na-tropie-ciekawych-gatunkow-ptakow\" data-envira-retina=\"\" data-thumbnail=\"\"  itemprop=\"contentUrl\"><img decoding=\"async\" id=\"envira-gallery-image-1811\" class=\"envira-gallery-image envira-gallery-image-19 envira-normal envira-lazy\" data-envira-index=\"19\" src=\"https:\/\/ekologia.kpodr.pl\/wp-content\/uploads\/2025\/08\/Uczestnicy-warsztatow-na-tropie-ciekawych-gatunkow-ptakow-640x480.jpg\" data-envira-src=\"https:\/\/ekologia.kpodr.pl\/wp-content\/uploads\/2025\/08\/Uczestnicy-warsztatow-na-tropie-ciekawych-gatunkow-ptakow-640x480.jpg\" data-envira-gallery-id=\"1791\" data-envira-item-id=\"1811\" data-envira-caption=\"Uczestnicy-warsztatow-na-tropie-ciekawych-gatunkow-ptakow\" alt=\"\" title=\"Uczestnicy-warsztatow-na-tropie-ciekawych-gatunkow-ptakow\"  itemprop=\"thumbnailUrl\" data-envira-srcset=\"https:\/\/ekologia.kpodr.pl\/wp-content\/uploads\/2025\/08\/Uczestnicy-warsztatow-na-tropie-ciekawych-gatunkow-ptakow-640x480.jpg 400w,https:\/\/ekologia.kpodr.pl\/wp-content\/uploads\/2025\/08\/Uczestnicy-warsztatow-na-tropie-ciekawych-gatunkow-ptakow-640x480.jpg 2x\" data-envira-width=\"300\" data-envira-height=\"225\" srcset=\"data:image\/gif;base64,R0lGODlhAQABAIAAAP\/\/\/\/\/\/\/yH5BAEKAAEALAAAAAABAAEAAAICTAEAOw==\" data-safe-src=\"data:image\/gif;base64,R0lGODlhAQABAIAAAP\/\/\/\/\/\/\/yH5BAEKAAEALAAAAAABAAEAAAICTAEAOw==\" \/><\/a><\/div><\/div><div id=\"envira-gallery-item-1812\" class=\"envira-gallery-item enviratope-item envira-gallery-item-20 envira-lazy-load\" style=\"padding-left: 5px; padding-bottom: 10px; padding-right: 5px;\"  itemscope itemtype=\"https:\/\/schema.org\/ImageObject\"><div class=\"envira-gallery-item-inner\"><div class=\"envira-gallery-position-overlay  envira-gallery-top-left\"><\/div><div class=\"envira-gallery-position-overlay  envira-gallery-top-right\"><\/div><div class=\"envira-gallery-position-overlay  envira-gallery-bottom-left\"><\/div><div class=\"envira-gallery-position-overlay  envira-gallery-bottom-right\"><\/div><a href=\"https:\/\/ekologia.kpodr.pl\/wp-content\/uploads\/2025\/08\/Uczestnicy-warsztatow-w-drodze-do-Rezerwatu-Las-Minikowski-i-Rezerwatu-Hedera.jpg\" class=\"envira-gallery-1791 envira-gallery-link\" rel=\"enviragallery1791\" title=\"Uczestnicy-warsztatow-w-drodze-do-Rezerwatu-Las-Minikowski-i-Rezerwatu-Hedera\" data-envira-caption=\"Uczestnicy-warsztatow-w-drodze-do-Rezerwatu-Las-Minikowski-i-Rezerwatu-Hedera\" data-envira-retina=\"\" data-thumbnail=\"\"  itemprop=\"contentUrl\"><img decoding=\"async\" id=\"envira-gallery-image-1812\" class=\"envira-gallery-image envira-gallery-image-20 envira-normal envira-lazy\" data-envira-index=\"20\" src=\"https:\/\/ekologia.kpodr.pl\/wp-content\/uploads\/2025\/08\/Uczestnicy-warsztatow-w-drodze-do-Rezerwatu-Las-Minikowski-i-Rezerwatu-Hedera-640x480.jpg\" data-envira-src=\"https:\/\/ekologia.kpodr.pl\/wp-content\/uploads\/2025\/08\/Uczestnicy-warsztatow-w-drodze-do-Rezerwatu-Las-Minikowski-i-Rezerwatu-Hedera-640x480.jpg\" data-envira-gallery-id=\"1791\" data-envira-item-id=\"1812\" data-envira-caption=\"Uczestnicy-warsztatow-w-drodze-do-Rezerwatu-Las-Minikowski-i-Rezerwatu-Hedera\" alt=\"\" title=\"Uczestnicy-warsztatow-w-drodze-do-Rezerwatu-Las-Minikowski-i-Rezerwatu-Hedera\"  itemprop=\"thumbnailUrl\" data-envira-srcset=\"https:\/\/ekologia.kpodr.pl\/wp-content\/uploads\/2025\/08\/Uczestnicy-warsztatow-w-drodze-do-Rezerwatu-Las-Minikowski-i-Rezerwatu-Hedera-640x480.jpg 400w,https:\/\/ekologia.kpodr.pl\/wp-content\/uploads\/2025\/08\/Uczestnicy-warsztatow-w-drodze-do-Rezerwatu-Las-Minikowski-i-Rezerwatu-Hedera-640x480.jpg 2x\" data-envira-width=\"225\" data-envira-height=\"300\" srcset=\"data:image\/gif;base64,R0lGODlhAQABAIAAAP\/\/\/\/\/\/\/yH5BAEKAAEALAAAAAABAAEAAAICTAEAOw==\" data-safe-src=\"data:image\/gif;base64,R0lGODlhAQABAIAAAP\/\/\/\/\/\/\/yH5BAEKAAEALAAAAAABAAEAAAICTAEAOw==\" \/><\/a><\/div><\/div><div id=\"envira-gallery-item-1813\" class=\"envira-gallery-item enviratope-item envira-gallery-item-21 envira-lazy-load\" style=\"padding-left: 5px; padding-bottom: 10px; padding-right: 5px;\"  itemscope itemtype=\"https:\/\/schema.org\/ImageObject\"><div class=\"envira-gallery-item-inner\"><div class=\"envira-gallery-position-overlay  envira-gallery-top-left\"><\/div><div class=\"envira-gallery-position-overlay  envira-gallery-top-right\"><\/div><div class=\"envira-gallery-position-overlay  envira-gallery-bottom-left\"><\/div><div class=\"envira-gallery-position-overlay  envira-gallery-bottom-right\"><\/div><a href=\"https:\/\/ekologia.kpodr.pl\/wp-content\/uploads\/2025\/08\/Uczestniczka-na-tle-Barszczu-Sosnowskiego-bardzo-inwazyjnego-gatunku.jpg\" class=\"envira-gallery-1791 envira-gallery-link\" rel=\"enviragallery1791\" title=\"Uczestniczka-na-tle-Barszczu-Sosnowskiego-bardzo-inwazyjnego-gatunku\" data-envira-caption=\"Uczestniczka-na-tle-Barszczu-Sosnowskiego-bardzo-inwazyjnego-gatunku\" data-envira-retina=\"\" data-thumbnail=\"\"  itemprop=\"contentUrl\"><img decoding=\"async\" id=\"envira-gallery-image-1813\" class=\"envira-gallery-image envira-gallery-image-21 envira-normal envira-lazy\" data-envira-index=\"21\" src=\"https:\/\/ekologia.kpodr.pl\/wp-content\/uploads\/2025\/08\/Uczestniczka-na-tle-Barszczu-Sosnowskiego-bardzo-inwazyjnego-gatunku-640x480.jpg\" data-envira-src=\"https:\/\/ekologia.kpodr.pl\/wp-content\/uploads\/2025\/08\/Uczestniczka-na-tle-Barszczu-Sosnowskiego-bardzo-inwazyjnego-gatunku-640x480.jpg\" data-envira-gallery-id=\"1791\" data-envira-item-id=\"1813\" data-envira-caption=\"Uczestniczka-na-tle-Barszczu-Sosnowskiego-bardzo-inwazyjnego-gatunku\" alt=\"\" title=\"Uczestniczka-na-tle-Barszczu-Sosnowskiego-bardzo-inwazyjnego-gatunku\"  itemprop=\"thumbnailUrl\" data-envira-srcset=\"https:\/\/ekologia.kpodr.pl\/wp-content\/uploads\/2025\/08\/Uczestniczka-na-tle-Barszczu-Sosnowskiego-bardzo-inwazyjnego-gatunku-640x480.jpg 400w,https:\/\/ekologia.kpodr.pl\/wp-content\/uploads\/2025\/08\/Uczestniczka-na-tle-Barszczu-Sosnowskiego-bardzo-inwazyjnego-gatunku-640x480.jpg 2x\" data-envira-width=\"225\" data-envira-height=\"300\" srcset=\"data:image\/gif;base64,R0lGODlhAQABAIAAAP\/\/\/\/\/\/\/yH5BAEKAAEALAAAAAABAAEAAAICTAEAOw==\" data-safe-src=\"data:image\/gif;base64,R0lGODlhAQABAIAAAP\/\/\/\/\/\/\/yH5BAEKAAEALAAAAAABAAEAAAICTAEAOw==\" \/><\/a><\/div><\/div><div id=\"envira-gallery-item-1814\" class=\"envira-gallery-item enviratope-item envira-gallery-item-22 envira-lazy-load\" style=\"padding-left: 5px; padding-bottom: 10px; padding-right: 5px;\"  itemscope itemtype=\"https:\/\/schema.org\/ImageObject\"><div class=\"envira-gallery-item-inner\"><div class=\"envira-gallery-position-overlay  envira-gallery-top-left\"><\/div><div class=\"envira-gallery-position-overlay  envira-gallery-top-right\"><\/div><div class=\"envira-gallery-position-overlay  envira-gallery-bottom-left\"><\/div><div class=\"envira-gallery-position-overlay  envira-gallery-bottom-right\"><\/div><a href=\"https:\/\/ekologia.kpodr.pl\/wp-content\/uploads\/2025\/08\/Uczestniczka-warsztatow-a-w-tle-olbrzymie-okazy-niezwykle-inwazyjnego-Barszczu-Sosnowskiego.jpg\" class=\"envira-gallery-1791 envira-gallery-link\" rel=\"enviragallery1791\" title=\"Uczestniczka-warsztatow-a-w-tle-olbrzymie-okazy-niezwykle-inwazyjnego-Barszczu-Sosnowskiego\" data-envira-caption=\"Uczestniczka-warsztatow-a-w-tle-olbrzymie-okazy-niezwykle-inwazyjnego-Barszczu-Sosnowskiego\" data-envira-retina=\"\" data-thumbnail=\"\"  itemprop=\"contentUrl\"><img decoding=\"async\" id=\"envira-gallery-image-1814\" class=\"envira-gallery-image envira-gallery-image-22 envira-normal envira-lazy\" data-envira-index=\"22\" src=\"https:\/\/ekologia.kpodr.pl\/wp-content\/uploads\/2025\/08\/Uczestniczka-warsztatow-a-w-tle-olbrzymie-okazy-niezwykle-inwazyjnego-Barszczu-Sosnowskiego-640x480.jpg\" data-envira-src=\"https:\/\/ekologia.kpodr.pl\/wp-content\/uploads\/2025\/08\/Uczestniczka-warsztatow-a-w-tle-olbrzymie-okazy-niezwykle-inwazyjnego-Barszczu-Sosnowskiego-640x480.jpg\" data-envira-gallery-id=\"1791\" data-envira-item-id=\"1814\" data-envira-caption=\"Uczestniczka-warsztatow-a-w-tle-olbrzymie-okazy-niezwykle-inwazyjnego-Barszczu-Sosnowskiego\" alt=\"\" title=\"Uczestniczka-warsztatow-a-w-tle-olbrzymie-okazy-niezwykle-inwazyjnego-Barszczu-Sosnowskiego\"  itemprop=\"thumbnailUrl\" data-envira-srcset=\"https:\/\/ekologia.kpodr.pl\/wp-content\/uploads\/2025\/08\/Uczestniczka-warsztatow-a-w-tle-olbrzymie-okazy-niezwykle-inwazyjnego-Barszczu-Sosnowskiego-640x480.jpg 400w,https:\/\/ekologia.kpodr.pl\/wp-content\/uploads\/2025\/08\/Uczestniczka-warsztatow-a-w-tle-olbrzymie-okazy-niezwykle-inwazyjnego-Barszczu-Sosnowskiego-640x480.jpg 2x\" data-envira-width=\"225\" data-envira-height=\"300\" srcset=\"data:image\/gif;base64,R0lGODlhAQABAIAAAP\/\/\/\/\/\/\/yH5BAEKAAEALAAAAAABAAEAAAICTAEAOw==\" data-safe-src=\"data:image\/gif;base64,R0lGODlhAQABAIAAAP\/\/\/\/\/\/\/yH5BAEKAAEALAAAAAABAAEAAAICTAEAOw==\" \/><\/a><\/div><\/div><div id=\"envira-gallery-item-1815\" class=\"envira-gallery-item enviratope-item envira-gallery-item-23 envira-lazy-load\" style=\"padding-left: 5px; padding-bottom: 10px; padding-right: 5px;\"  itemscope itemtype=\"https:\/\/schema.org\/ImageObject\"><div class=\"envira-gallery-item-inner\"><div class=\"envira-gallery-position-overlay  envira-gallery-top-left\"><\/div><div class=\"envira-gallery-position-overlay  envira-gallery-top-right\"><\/div><div class=\"envira-gallery-position-overlay  envira-gallery-bottom-left\"><\/div><div class=\"envira-gallery-position-overlay  envira-gallery-bottom-right\"><\/div><a href=\"https:\/\/ekologia.kpodr.pl\/wp-content\/uploads\/2025\/08\/Uczestniczki-szkolenia-z-wlasnorecznie-wykonanymi-pracami.jpg\" class=\"envira-gallery-1791 envira-gallery-link\" rel=\"enviragallery1791\" title=\"Uczestniczki-szkolenia-z-wlasnorecznie-wykonanymi-pracami\" data-envira-caption=\"Uczestniczki-szkolenia-z-wlasnorecznie-wykonanymi-pracami\" data-envira-retina=\"\" data-thumbnail=\"\"  itemprop=\"contentUrl\"><img decoding=\"async\" id=\"envira-gallery-image-1815\" class=\"envira-gallery-image envira-gallery-image-23 envira-normal envira-lazy\" data-envira-index=\"23\" src=\"https:\/\/ekologia.kpodr.pl\/wp-content\/uploads\/2025\/08\/Uczestniczki-szkolenia-z-wlasnorecznie-wykonanymi-pracami-640x480.jpg\" data-envira-src=\"https:\/\/ekologia.kpodr.pl\/wp-content\/uploads\/2025\/08\/Uczestniczki-szkolenia-z-wlasnorecznie-wykonanymi-pracami-640x480.jpg\" data-envira-gallery-id=\"1791\" data-envira-item-id=\"1815\" data-envira-caption=\"Uczestniczki-szkolenia-z-wlasnorecznie-wykonanymi-pracami\" alt=\"\" title=\"Uczestniczki-szkolenia-z-wlasnorecznie-wykonanymi-pracami\"  itemprop=\"thumbnailUrl\" data-envira-srcset=\"https:\/\/ekologia.kpodr.pl\/wp-content\/uploads\/2025\/08\/Uczestniczki-szkolenia-z-wlasnorecznie-wykonanymi-pracami-640x480.jpg 400w,https:\/\/ekologia.kpodr.pl\/wp-content\/uploads\/2025\/08\/Uczestniczki-szkolenia-z-wlasnorecznie-wykonanymi-pracami-640x480.jpg 2x\" data-envira-width=\"300\" data-envira-height=\"225\" srcset=\"data:image\/gif;base64,R0lGODlhAQABAIAAAP\/\/\/\/\/\/\/yH5BAEKAAEALAAAAAABAAEAAAICTAEAOw==\" data-safe-src=\"data:image\/gif;base64,R0lGODlhAQABAIAAAP\/\/\/\/\/\/\/yH5BAEKAAEALAAAAAABAAEAAAICTAEAOw==\" \/><\/a><\/div><\/div><div id=\"envira-gallery-item-1816\" class=\"envira-gallery-item enviratope-item envira-gallery-item-24 envira-lazy-load\" style=\"padding-left: 5px; padding-bottom: 10px; padding-right: 5px;\"  itemscope itemtype=\"https:\/\/schema.org\/ImageObject\"><div class=\"envira-gallery-item-inner\"><div class=\"envira-gallery-position-overlay  envira-gallery-top-left\"><\/div><div class=\"envira-gallery-position-overlay  envira-gallery-top-right\"><\/div><div class=\"envira-gallery-position-overlay  envira-gallery-bottom-left\"><\/div><div class=\"envira-gallery-position-overlay  envira-gallery-bottom-right\"><\/div><a href=\"https:\/\/ekologia.kpodr.pl\/wp-content\/uploads\/2025\/08\/Uczestniczki-warszatow.jpg\" class=\"envira-gallery-1791 envira-gallery-link\" rel=\"enviragallery1791\" title=\"Uczestniczki-warszatow\" data-envira-caption=\"Uczestniczki-warszatow\" data-envira-retina=\"\" data-thumbnail=\"\"  itemprop=\"contentUrl\"><img decoding=\"async\" id=\"envira-gallery-image-1816\" class=\"envira-gallery-image envira-gallery-image-24 envira-normal envira-lazy\" data-envira-index=\"24\" src=\"https:\/\/ekologia.kpodr.pl\/wp-content\/uploads\/2025\/08\/Uczestniczki-warszatow-640x480.jpg\" data-envira-src=\"https:\/\/ekologia.kpodr.pl\/wp-content\/uploads\/2025\/08\/Uczestniczki-warszatow-640x480.jpg\" data-envira-gallery-id=\"1791\" data-envira-item-id=\"1816\" data-envira-caption=\"Uczestniczki-warszatow\" alt=\"\" title=\"Uczestniczki-warszatow\"  itemprop=\"thumbnailUrl\" data-envira-srcset=\"https:\/\/ekologia.kpodr.pl\/wp-content\/uploads\/2025\/08\/Uczestniczki-warszatow-640x480.jpg 400w,https:\/\/ekologia.kpodr.pl\/wp-content\/uploads\/2025\/08\/Uczestniczki-warszatow-640x480.jpg 2x\" data-envira-width=\"300\" data-envira-height=\"225\" srcset=\"data:image\/gif;base64,R0lGODlhAQABAIAAAP\/\/\/\/\/\/\/yH5BAEKAAEALAAAAAABAAEAAAICTAEAOw==\" data-safe-src=\"data:image\/gif;base64,R0lGODlhAQABAIAAAP\/\/\/\/\/\/\/yH5BAEKAAEALAAAAAABAAEAAAICTAEAOw==\" \/><\/a><\/div><\/div><div id=\"envira-gallery-item-1817\" class=\"envira-gallery-item enviratope-item envira-gallery-item-25 envira-lazy-load\" style=\"padding-left: 5px; padding-bottom: 10px; padding-right: 5px;\"  itemscope itemtype=\"https:\/\/schema.org\/ImageObject\"><div class=\"envira-gallery-item-inner\"><div class=\"envira-gallery-position-overlay  envira-gallery-top-left\"><\/div><div class=\"envira-gallery-position-overlay  envira-gallery-top-right\"><\/div><div class=\"envira-gallery-position-overlay  envira-gallery-bottom-left\"><\/div><div class=\"envira-gallery-position-overlay  envira-gallery-bottom-right\"><\/div><a href=\"https:\/\/ekologia.kpodr.pl\/wp-content\/uploads\/2025\/08\/Uczestniczki-zaczynaja-malowac-bociana.jpg\" class=\"envira-gallery-1791 envira-gallery-link\" rel=\"enviragallery1791\" title=\"Uczestniczki-zaczynaja-malowac-bociana\" data-envira-caption=\"Uczestniczki-zaczynaja-malowac-bociana\" data-envira-retina=\"\" data-thumbnail=\"\"  itemprop=\"contentUrl\"><img decoding=\"async\" id=\"envira-gallery-image-1817\" class=\"envira-gallery-image envira-gallery-image-25 envira-normal envira-lazy\" data-envira-index=\"25\" src=\"https:\/\/ekologia.kpodr.pl\/wp-content\/uploads\/2025\/08\/Uczestniczki-zaczynaja-malowac-bociana-640x480.jpg\" data-envira-src=\"https:\/\/ekologia.kpodr.pl\/wp-content\/uploads\/2025\/08\/Uczestniczki-zaczynaja-malowac-bociana-640x480.jpg\" data-envira-gallery-id=\"1791\" data-envira-item-id=\"1817\" data-envira-caption=\"Uczestniczki-zaczynaja-malowac-bociana\" alt=\"\" title=\"Uczestniczki-zaczynaja-malowac-bociana\"  itemprop=\"thumbnailUrl\" data-envira-srcset=\"https:\/\/ekologia.kpodr.pl\/wp-content\/uploads\/2025\/08\/Uczestniczki-zaczynaja-malowac-bociana-640x480.jpg 400w,https:\/\/ekologia.kpodr.pl\/wp-content\/uploads\/2025\/08\/Uczestniczki-zaczynaja-malowac-bociana-640x480.jpg 2x\" data-envira-width=\"300\" data-envira-height=\"225\" srcset=\"data:image\/gif;base64,R0lGODlhAQABAIAAAP\/\/\/\/\/\/\/yH5BAEKAAEALAAAAAABAAEAAAICTAEAOw==\" data-safe-src=\"data:image\/gif;base64,R0lGODlhAQABAIAAAP\/\/\/\/\/\/\/yH5BAEKAAEALAAAAAABAAEAAAICTAEAOw==\" \/><\/a><\/div><\/div><div id=\"envira-gallery-item-1818\" class=\"envira-gallery-item enviratope-item envira-gallery-item-26 envira-lazy-load\" style=\"padding-left: 5px; padding-bottom: 10px; padding-right: 5px;\"  itemscope itemtype=\"https:\/\/schema.org\/ImageObject\"><div class=\"envira-gallery-item-inner\"><div class=\"envira-gallery-position-overlay  envira-gallery-top-left\"><\/div><div class=\"envira-gallery-position-overlay  envira-gallery-top-right\"><\/div><div class=\"envira-gallery-position-overlay  envira-gallery-bottom-left\"><\/div><div class=\"envira-gallery-position-overlay  envira-gallery-bottom-right\"><\/div><a href=\"https:\/\/ekologia.kpodr.pl\/wp-content\/uploads\/2025\/08\/warsztat-pn.-Ochrona-zasobow-przyrodniczych-na-obszarach-wiejskich.jpg\" class=\"envira-gallery-1791 envira-gallery-link\" rel=\"enviragallery1791\" title=\"warsztat-pn.-Ochrona-zasobow-przyrodniczych-na-obszarach-wiejskich\" data-envira-caption=\"warsztat-pn.-Ochrona-zasobow-przyrodniczych-na-obszarach-wiejskich\" data-envira-retina=\"\" data-thumbnail=\"\"  itemprop=\"contentUrl\"><img decoding=\"async\" id=\"envira-gallery-image-1818\" class=\"envira-gallery-image envira-gallery-image-26 envira-normal envira-lazy\" data-envira-index=\"26\" src=\"https:\/\/ekologia.kpodr.pl\/wp-content\/uploads\/2025\/08\/warsztat-pn.-Ochrona-zasobow-przyrodniczych-na-obszarach-wiejskich-640x480.jpg\" data-envira-src=\"https:\/\/ekologia.kpodr.pl\/wp-content\/uploads\/2025\/08\/warsztat-pn.-Ochrona-zasobow-przyrodniczych-na-obszarach-wiejskich-640x480.jpg\" data-envira-gallery-id=\"1791\" data-envira-item-id=\"1818\" data-envira-caption=\"warsztat-pn.-Ochrona-zasobow-przyrodniczych-na-obszarach-wiejskich\" alt=\"\" title=\"warsztat-pn.-Ochrona-zasobow-przyrodniczych-na-obszarach-wiejskich\"  itemprop=\"thumbnailUrl\" data-envira-srcset=\"https:\/\/ekologia.kpodr.pl\/wp-content\/uploads\/2025\/08\/warsztat-pn.-Ochrona-zasobow-przyrodniczych-na-obszarach-wiejskich-640x480.jpg 400w,https:\/\/ekologia.kpodr.pl\/wp-content\/uploads\/2025\/08\/warsztat-pn.-Ochrona-zasobow-przyrodniczych-na-obszarach-wiejskich-640x480.jpg 2x\" data-envira-width=\"225\" data-envira-height=\"300\" srcset=\"data:image\/gif;base64,R0lGODlhAQABAIAAAP\/\/\/\/\/\/\/yH5BAEKAAEALAAAAAABAAEAAAICTAEAOw==\" data-safe-src=\"data:image\/gif;base64,R0lGODlhAQABAIAAAP\/\/\/\/\/\/\/yH5BAEKAAEALAAAAAABAAEAAAICTAEAOw==\" \/><\/a><\/div><\/div><div id=\"envira-gallery-item-1819\" class=\"envira-gallery-item enviratope-item envira-gallery-item-27 envira-lazy-load\" style=\"padding-left: 5px; padding-bottom: 10px; padding-right: 5px;\"  itemscope itemtype=\"https:\/\/schema.org\/ImageObject\"><div class=\"envira-gallery-item-inner\"><div class=\"envira-gallery-position-overlay  envira-gallery-top-left\"><\/div><div class=\"envira-gallery-position-overlay  envira-gallery-top-right\"><\/div><div class=\"envira-gallery-position-overlay  envira-gallery-bottom-left\"><\/div><div class=\"envira-gallery-position-overlay  envira-gallery-bottom-right\"><\/div><a href=\"https:\/\/ekologia.kpodr.pl\/wp-content\/uploads\/2025\/08\/Warsztaty-pn.-Ochrona-zasobow-przyrodniczych-na-obszarach-wiejskich-.jpg\" class=\"envira-gallery-1791 envira-gallery-link\" rel=\"enviragallery1791\" title=\"Warsztaty-pn.-Ochrona-zasobow-przyrodniczych-na-obszarach-wiejskich-\" data-envira-caption=\"Warsztaty-pn.-Ochrona-zasobow-przyrodniczych-na-obszarach-wiejskich-\" data-envira-retina=\"\" data-thumbnail=\"\"  itemprop=\"contentUrl\"><img decoding=\"async\" id=\"envira-gallery-image-1819\" class=\"envira-gallery-image envira-gallery-image-27 envira-normal envira-lazy\" data-envira-index=\"27\" src=\"https:\/\/ekologia.kpodr.pl\/wp-content\/uploads\/2025\/08\/Warsztaty-pn.-Ochrona-zasobow-przyrodniczych-na-obszarach-wiejskich--640x480.jpg\" data-envira-src=\"https:\/\/ekologia.kpodr.pl\/wp-content\/uploads\/2025\/08\/Warsztaty-pn.-Ochrona-zasobow-przyrodniczych-na-obszarach-wiejskich--640x480.jpg\" data-envira-gallery-id=\"1791\" data-envira-item-id=\"1819\" data-envira-caption=\"Warsztaty-pn.-Ochrona-zasobow-przyrodniczych-na-obszarach-wiejskich-\" alt=\"\" title=\"Warsztaty-pn.-Ochrona-zasobow-przyrodniczych-na-obszarach-wiejskich-\"  itemprop=\"thumbnailUrl\" data-envira-srcset=\"https:\/\/ekologia.kpodr.pl\/wp-content\/uploads\/2025\/08\/Warsztaty-pn.-Ochrona-zasobow-przyrodniczych-na-obszarach-wiejskich--640x480.jpg 400w,https:\/\/ekologia.kpodr.pl\/wp-content\/uploads\/2025\/08\/Warsztaty-pn.-Ochrona-zasobow-przyrodniczych-na-obszarach-wiejskich--640x480.jpg 2x\" data-envira-width=\"300\" data-envira-height=\"225\" srcset=\"data:image\/gif;base64,R0lGODlhAQABAIAAAP\/\/\/\/\/\/\/yH5BAEKAAEALAAAAAABAAEAAAICTAEAOw==\" data-safe-src=\"data:image\/gif;base64,R0lGODlhAQABAIAAAP\/\/\/\/\/\/\/yH5BAEKAAEALAAAAAABAAEAAAICTAEAOw==\" \/><\/a><\/div><\/div><div id=\"envira-gallery-item-1820\" class=\"envira-gallery-item enviratope-item envira-gallery-item-28 envira-lazy-load\" style=\"padding-left: 5px; padding-bottom: 10px; padding-right: 5px;\"  itemscope itemtype=\"https:\/\/schema.org\/ImageObject\"><div class=\"envira-gallery-item-inner\"><div class=\"envira-gallery-position-overlay  envira-gallery-top-left\"><\/div><div class=\"envira-gallery-position-overlay  envira-gallery-top-right\"><\/div><div class=\"envira-gallery-position-overlay  envira-gallery-bottom-left\"><\/div><div class=\"envira-gallery-position-overlay  envira-gallery-bottom-right\"><\/div><a href=\"https:\/\/ekologia.kpodr.pl\/wp-content\/uploads\/2025\/08\/warsztaty-przyrodnicze-pn.-Ochrona-zasobow-przyrodniczych-na-obszarach-wiejskich-.jpg\" class=\"envira-gallery-1791 envira-gallery-link\" rel=\"enviragallery1791\" title=\"warsztaty-przyrodnicze-pn.-Ochrona-zasobow-przyrodniczych-na-obszarach-wiejskich-\" data-envira-caption=\"warsztaty-przyrodnicze-pn.-Ochrona-zasobow-przyrodniczych-na-obszarach-wiejskich-\" data-envira-retina=\"\" data-thumbnail=\"\"  itemprop=\"contentUrl\"><img decoding=\"async\" id=\"envira-gallery-image-1820\" class=\"envira-gallery-image envira-gallery-image-28 envira-normal envira-lazy\" data-envira-index=\"28\" src=\"https:\/\/ekologia.kpodr.pl\/wp-content\/uploads\/2025\/08\/warsztaty-przyrodnicze-pn.-Ochrona-zasobow-przyrodniczych-na-obszarach-wiejskich--640x480.jpg\" data-envira-src=\"https:\/\/ekologia.kpodr.pl\/wp-content\/uploads\/2025\/08\/warsztaty-przyrodnicze-pn.-Ochrona-zasobow-przyrodniczych-na-obszarach-wiejskich--640x480.jpg\" data-envira-gallery-id=\"1791\" data-envira-item-id=\"1820\" data-envira-caption=\"warsztaty-przyrodnicze-pn.-Ochrona-zasobow-przyrodniczych-na-obszarach-wiejskich-\" alt=\"\" title=\"warsztaty-przyrodnicze-pn.-Ochrona-zasobow-przyrodniczych-na-obszarach-wiejskich-\"  itemprop=\"thumbnailUrl\" data-envira-srcset=\"https:\/\/ekologia.kpodr.pl\/wp-content\/uploads\/2025\/08\/warsztaty-przyrodnicze-pn.-Ochrona-zasobow-przyrodniczych-na-obszarach-wiejskich--640x480.jpg 400w,https:\/\/ekologia.kpodr.pl\/wp-content\/uploads\/2025\/08\/warsztaty-przyrodnicze-pn.-Ochrona-zasobow-przyrodniczych-na-obszarach-wiejskich--640x480.jpg 2x\" data-envira-width=\"300\" data-envira-height=\"225\" srcset=\"data:image\/gif;base64,R0lGODlhAQABAIAAAP\/\/\/\/\/\/\/yH5BAEKAAEALAAAAAABAAEAAAICTAEAOw==\" data-safe-src=\"data:image\/gif;base64,R0lGODlhAQABAIAAAP\/\/\/\/\/\/\/yH5BAEKAAEALAAAAAABAAEAAAICTAEAOw==\" \/><\/a><\/div><\/div><div id=\"envira-gallery-item-1821\" class=\"envira-gallery-item enviratope-item envira-gallery-item-29 envira-lazy-load\" style=\"padding-left: 5px; padding-bottom: 10px; padding-right: 5px;\"  itemscope itemtype=\"https:\/\/schema.org\/ImageObject\"><div class=\"envira-gallery-item-inner\"><div class=\"envira-gallery-position-overlay  envira-gallery-top-left\"><\/div><div class=\"envira-gallery-position-overlay  envira-gallery-top-right\"><\/div><div class=\"envira-gallery-position-overlay  envira-gallery-bottom-left\"><\/div><div class=\"envira-gallery-position-overlay  envira-gallery-bottom-right\"><\/div><a href=\"https:\/\/ekologia.kpodr.pl\/wp-content\/uploads\/2025\/08\/warsztaty-przyrodnicze-pn.-Ochrona-zasobow-przyrodniczych-na-obszarach-wiejskich-2.jpg\" class=\"envira-gallery-1791 envira-gallery-link\" rel=\"enviragallery1791\" title=\"warsztaty-przyrodnicze-pn.-Ochrona-zasobow-przyrodniczych-na-obszarach-wiejskich-2\" data-envira-caption=\"warsztaty-przyrodnicze-pn.-Ochrona-zasobow-przyrodniczych-na-obszarach-wiejskich-2\" data-envira-retina=\"\" data-thumbnail=\"\"  itemprop=\"contentUrl\"><img decoding=\"async\" id=\"envira-gallery-image-1821\" class=\"envira-gallery-image envira-gallery-image-29 envira-normal envira-lazy\" data-envira-index=\"29\" src=\"https:\/\/ekologia.kpodr.pl\/wp-content\/uploads\/2025\/08\/warsztaty-przyrodnicze-pn.-Ochrona-zasobow-przyrodniczych-na-obszarach-wiejskich-2-640x480.jpg\" data-envira-src=\"https:\/\/ekologia.kpodr.pl\/wp-content\/uploads\/2025\/08\/warsztaty-przyrodnicze-pn.-Ochrona-zasobow-przyrodniczych-na-obszarach-wiejskich-2-640x480.jpg\" data-envira-gallery-id=\"1791\" data-envira-item-id=\"1821\" data-envira-caption=\"warsztaty-przyrodnicze-pn.-Ochrona-zasobow-przyrodniczych-na-obszarach-wiejskich-2\" alt=\"\" title=\"warsztaty-przyrodnicze-pn.-Ochrona-zasobow-przyrodniczych-na-obszarach-wiejskich-2\"  itemprop=\"thumbnailUrl\" data-envira-srcset=\"https:\/\/ekologia.kpodr.pl\/wp-content\/uploads\/2025\/08\/warsztaty-przyrodnicze-pn.-Ochrona-zasobow-przyrodniczych-na-obszarach-wiejskich-2-640x480.jpg 400w,https:\/\/ekologia.kpodr.pl\/wp-content\/uploads\/2025\/08\/warsztaty-przyrodnicze-pn.-Ochrona-zasobow-przyrodniczych-na-obszarach-wiejskich-2-640x480.jpg 2x\" data-envira-width=\"225\" data-envira-height=\"300\" srcset=\"data:image\/gif;base64,R0lGODlhAQABAIAAAP\/\/\/\/\/\/\/yH5BAEKAAEALAAAAAABAAEAAAICTAEAOw==\" data-safe-src=\"data:image\/gif;base64,R0lGODlhAQABAIAAAP\/\/\/\/\/\/\/yH5BAEKAAEALAAAAAABAAEAAAICTAEAOw==\" \/><\/a><\/div><\/div><div id=\"envira-gallery-item-1822\" class=\"envira-gallery-item enviratope-item envira-gallery-item-30 envira-lazy-load\" style=\"padding-left: 5px; padding-bottom: 10px; padding-right: 5px;\"  itemscope itemtype=\"https:\/\/schema.org\/ImageObject\"><div class=\"envira-gallery-item-inner\"><div class=\"envira-gallery-position-overlay  envira-gallery-top-left\"><\/div><div class=\"envira-gallery-position-overlay  envira-gallery-top-right\"><\/div><div class=\"envira-gallery-position-overlay  envira-gallery-bottom-left\"><\/div><div class=\"envira-gallery-position-overlay  envira-gallery-bottom-right\"><\/div><a href=\"https:\/\/ekologia.kpodr.pl\/wp-content\/uploads\/2025\/08\/warsztaty-przyrodnicze-pn.-Ochrona-zasobow-przyrodniczych-na-obszarach-wiejskich-3-1024x768-1.jpg\" class=\"envira-gallery-1791 envira-gallery-link\" rel=\"enviragallery1791\" title=\"warsztaty-przyrodnicze-pn.-Ochrona-zasobow-przyrodniczych-na-obszarach-wiejskich-3-1024&amp;amp;#215;768\" data-envira-caption=\"warsztaty-przyrodnicze-pn.-Ochrona-zasobow-przyrodniczych-na-obszarach-wiejskich-3-1024&amp;amp;#215;768\" data-envira-retina=\"\" data-thumbnail=\"\"  itemprop=\"contentUrl\"><img decoding=\"async\" id=\"envira-gallery-image-1822\" class=\"envira-gallery-image envira-gallery-image-30 envira-normal envira-lazy\" data-envira-index=\"30\" src=\"https:\/\/ekologia.kpodr.pl\/wp-content\/uploads\/2025\/08\/warsztaty-przyrodnicze-pn.-Ochrona-zasobow-przyrodniczych-na-obszarach-wiejskich-3-1024x768-1-640x480.jpg\" data-envira-src=\"https:\/\/ekologia.kpodr.pl\/wp-content\/uploads\/2025\/08\/warsztaty-przyrodnicze-pn.-Ochrona-zasobow-przyrodniczych-na-obszarach-wiejskich-3-1024x768-1-640x480.jpg\" data-envira-gallery-id=\"1791\" data-envira-item-id=\"1822\" data-envira-caption=\"warsztaty-przyrodnicze-pn.-Ochrona-zasobow-przyrodniczych-na-obszarach-wiejskich-3-1024&amp;amp;#215;768\" alt=\"\" title=\"warsztaty-przyrodnicze-pn.-Ochrona-zasobow-przyrodniczych-na-obszarach-wiejskich-3-1024&amp;#215;768\"  itemprop=\"thumbnailUrl\" data-envira-srcset=\"https:\/\/ekologia.kpodr.pl\/wp-content\/uploads\/2025\/08\/warsztaty-przyrodnicze-pn.-Ochrona-zasobow-przyrodniczych-na-obszarach-wiejskich-3-1024x768-1-640x480.jpg 400w,https:\/\/ekologia.kpodr.pl\/wp-content\/uploads\/2025\/08\/warsztaty-przyrodnicze-pn.-Ochrona-zasobow-przyrodniczych-na-obszarach-wiejskich-3-1024x768-1-640x480.jpg 2x\" data-envira-width=\"300\" data-envira-height=\"225\" srcset=\"data:image\/gif;base64,R0lGODlhAQABAIAAAP\/\/\/\/\/\/\/yH5BAEKAAEALAAAAAABAAEAAAICTAEAOw==\" data-safe-src=\"data:image\/gif;base64,R0lGODlhAQABAIAAAP\/\/\/\/\/\/\/yH5BAEKAAEALAAAAAABAAEAAAICTAEAOw==\" \/><\/a><\/div><\/div><div id=\"envira-gallery-item-1823\" class=\"envira-gallery-item enviratope-item envira-gallery-item-31 envira-lazy-load\" style=\"padding-left: 5px; padding-bottom: 10px; padding-right: 5px;\"  itemscope itemtype=\"https:\/\/schema.org\/ImageObject\"><div class=\"envira-gallery-item-inner\"><div class=\"envira-gallery-position-overlay  envira-gallery-top-left\"><\/div><div class=\"envira-gallery-position-overlay  envira-gallery-top-right\"><\/div><div class=\"envira-gallery-position-overlay  envira-gallery-bottom-left\"><\/div><div class=\"envira-gallery-position-overlay  envira-gallery-bottom-right\"><\/div><a href=\"https:\/\/ekologia.kpodr.pl\/wp-content\/uploads\/2025\/08\/warsztaty-przyrodnicze-pn.-Ochrona-zasobow-przyrodniczych-na-obszarach-wiejskich-4.jpg\" class=\"envira-gallery-1791 envira-gallery-link\" rel=\"enviragallery1791\" title=\"warsztaty-przyrodnicze-pn.-Ochrona-zasobow-przyrodniczych-na-obszarach-wiejskich-4\" data-envira-caption=\"warsztaty-przyrodnicze-pn.-Ochrona-zasobow-przyrodniczych-na-obszarach-wiejskich-4\" data-envira-retina=\"\" data-thumbnail=\"\"  itemprop=\"contentUrl\"><img decoding=\"async\" id=\"envira-gallery-image-1823\" class=\"envira-gallery-image envira-gallery-image-31 envira-normal envira-lazy\" data-envira-index=\"31\" src=\"https:\/\/ekologia.kpodr.pl\/wp-content\/uploads\/2025\/08\/warsztaty-przyrodnicze-pn.-Ochrona-zasobow-przyrodniczych-na-obszarach-wiejskich-4-640x480.jpg\" data-envira-src=\"https:\/\/ekologia.kpodr.pl\/wp-content\/uploads\/2025\/08\/warsztaty-przyrodnicze-pn.-Ochrona-zasobow-przyrodniczych-na-obszarach-wiejskich-4-640x480.jpg\" data-envira-gallery-id=\"1791\" data-envira-item-id=\"1823\" data-envira-caption=\"warsztaty-przyrodnicze-pn.-Ochrona-zasobow-przyrodniczych-na-obszarach-wiejskich-4\" alt=\"\" title=\"warsztaty-przyrodnicze-pn.-Ochrona-zasobow-przyrodniczych-na-obszarach-wiejskich-4\"  itemprop=\"thumbnailUrl\" data-envira-srcset=\"https:\/\/ekologia.kpodr.pl\/wp-content\/uploads\/2025\/08\/warsztaty-przyrodnicze-pn.-Ochrona-zasobow-przyrodniczych-na-obszarach-wiejskich-4-640x480.jpg 400w,https:\/\/ekologia.kpodr.pl\/wp-content\/uploads\/2025\/08\/warsztaty-przyrodnicze-pn.-Ochrona-zasobow-przyrodniczych-na-obszarach-wiejskich-4-640x480.jpg 2x\" data-envira-width=\"300\" data-envira-height=\"225\" srcset=\"data:image\/gif;base64,R0lGODlhAQABAIAAAP\/\/\/\/\/\/\/yH5BAEKAAEALAAAAAABAAEAAAICTAEAOw==\" data-safe-src=\"data:image\/gif;base64,R0lGODlhAQABAIAAAP\/\/\/\/\/\/\/yH5BAEKAAEALAAAAAABAAEAAAICTAEAOw==\" \/><\/a><\/div><\/div><div id=\"envira-gallery-item-1824\" class=\"envira-gallery-item enviratope-item envira-gallery-item-32 envira-lazy-load\" style=\"padding-left: 5px; padding-bottom: 10px; padding-right: 5px;\"  itemscope itemtype=\"https:\/\/schema.org\/ImageObject\"><div class=\"envira-gallery-item-inner\"><div class=\"envira-gallery-position-overlay  envira-gallery-top-left\"><\/div><div class=\"envira-gallery-position-overlay  envira-gallery-top-right\"><\/div><div class=\"envira-gallery-position-overlay  envira-gallery-bottom-left\"><\/div><div class=\"envira-gallery-position-overlay  envira-gallery-bottom-right\"><\/div><a href=\"https:\/\/ekologia.kpodr.pl\/wp-content\/uploads\/2025\/08\/warsztaty-przyrodnicze-pn.-Ochrona-zasobow-przyrodniczych-na-obszarach-wiejskich-5.jpg\" class=\"envira-gallery-1791 envira-gallery-link\" rel=\"enviragallery1791\" title=\"warsztaty-przyrodnicze-pn.-Ochrona-zasobow-przyrodniczych-na-obszarach-wiejskich-5\" data-envira-caption=\"warsztaty-przyrodnicze-pn.-Ochrona-zasobow-przyrodniczych-na-obszarach-wiejskich-5\" data-envira-retina=\"\" data-thumbnail=\"\"  itemprop=\"contentUrl\"><img decoding=\"async\" id=\"envira-gallery-image-1824\" class=\"envira-gallery-image envira-gallery-image-32 envira-normal envira-lazy\" data-envira-index=\"32\" src=\"https:\/\/ekologia.kpodr.pl\/wp-content\/uploads\/2025\/08\/warsztaty-przyrodnicze-pn.-Ochrona-zasobow-przyrodniczych-na-obszarach-wiejskich-5-640x480.jpg\" data-envira-src=\"https:\/\/ekologia.kpodr.pl\/wp-content\/uploads\/2025\/08\/warsztaty-przyrodnicze-pn.-Ochrona-zasobow-przyrodniczych-na-obszarach-wiejskich-5-640x480.jpg\" data-envira-gallery-id=\"1791\" data-envira-item-id=\"1824\" data-envira-caption=\"warsztaty-przyrodnicze-pn.-Ochrona-zasobow-przyrodniczych-na-obszarach-wiejskich-5\" alt=\"\" title=\"warsztaty-przyrodnicze-pn.-Ochrona-zasobow-przyrodniczych-na-obszarach-wiejskich-5\"  itemprop=\"thumbnailUrl\" data-envira-srcset=\"https:\/\/ekologia.kpodr.pl\/wp-content\/uploads\/2025\/08\/warsztaty-przyrodnicze-pn.-Ochrona-zasobow-przyrodniczych-na-obszarach-wiejskich-5-640x480.jpg 400w,https:\/\/ekologia.kpodr.pl\/wp-content\/uploads\/2025\/08\/warsztaty-przyrodnicze-pn.-Ochrona-zasobow-przyrodniczych-na-obszarach-wiejskich-5-640x480.jpg 2x\" data-envira-width=\"300\" data-envira-height=\"249\" srcset=\"data:image\/gif;base64,R0lGODlhAQABAIAAAP\/\/\/\/\/\/\/yH5BAEKAAEALAAAAAABAAEAAAICTAEAOw==\" data-safe-src=\"data:image\/gif;base64,R0lGODlhAQABAIAAAP\/\/\/\/\/\/\/yH5BAEKAAEALAAAAAABAAEAAAICTAEAOw==\" \/><\/a><\/div><\/div><div id=\"envira-gallery-item-1825\" class=\"envira-gallery-item enviratope-item envira-gallery-item-33 envira-lazy-load\" style=\"padding-left: 5px; padding-bottom: 10px; padding-right: 5px;\"  itemscope itemtype=\"https:\/\/schema.org\/ImageObject\"><div class=\"envira-gallery-item-inner\"><div class=\"envira-gallery-position-overlay  envira-gallery-top-left\"><\/div><div class=\"envira-gallery-position-overlay  envira-gallery-top-right\"><\/div><div class=\"envira-gallery-position-overlay  envira-gallery-bottom-left\"><\/div><div class=\"envira-gallery-position-overlay  envira-gallery-bottom-right\"><\/div><a href=\"https:\/\/ekologia.kpodr.pl\/wp-content\/uploads\/2025\/08\/warsztaty-przyrodnicze-pn.-Ochrona-zasobow-przyrodniczych-na-obszarach-wiejskich-6.jpg\" class=\"envira-gallery-1791 envira-gallery-link\" rel=\"enviragallery1791\" title=\"warsztaty-przyrodnicze-pn.-Ochrona-zasobow-przyrodniczych-na-obszarach-wiejskich-6\" data-envira-caption=\"warsztaty-przyrodnicze-pn.-Ochrona-zasobow-przyrodniczych-na-obszarach-wiejskich-6\" data-envira-retina=\"\" data-thumbnail=\"\"  itemprop=\"contentUrl\"><img decoding=\"async\" id=\"envira-gallery-image-1825\" class=\"envira-gallery-image envira-gallery-image-33 envira-normal envira-lazy\" data-envira-index=\"33\" src=\"https:\/\/ekologia.kpodr.pl\/wp-content\/uploads\/2025\/08\/warsztaty-przyrodnicze-pn.-Ochrona-zasobow-przyrodniczych-na-obszarach-wiejskich-6-640x480.jpg\" data-envira-src=\"https:\/\/ekologia.kpodr.pl\/wp-content\/uploads\/2025\/08\/warsztaty-przyrodnicze-pn.-Ochrona-zasobow-przyrodniczych-na-obszarach-wiejskich-6-640x480.jpg\" data-envira-gallery-id=\"1791\" data-envira-item-id=\"1825\" data-envira-caption=\"warsztaty-przyrodnicze-pn.-Ochrona-zasobow-przyrodniczych-na-obszarach-wiejskich-6\" alt=\"\" title=\"warsztaty-przyrodnicze-pn.-Ochrona-zasobow-przyrodniczych-na-obszarach-wiejskich-6\"  itemprop=\"thumbnailUrl\" data-envira-srcset=\"https:\/\/ekologia.kpodr.pl\/wp-content\/uploads\/2025\/08\/warsztaty-przyrodnicze-pn.-Ochrona-zasobow-przyrodniczych-na-obszarach-wiejskich-6-640x480.jpg 400w,https:\/\/ekologia.kpodr.pl\/wp-content\/uploads\/2025\/08\/warsztaty-przyrodnicze-pn.-Ochrona-zasobow-przyrodniczych-na-obszarach-wiejskich-6-640x480.jpg 2x\" data-envira-width=\"300\" data-envira-height=\"225\" srcset=\"data:image\/gif;base64,R0lGODlhAQABAIAAAP\/\/\/\/\/\/\/yH5BAEKAAEALAAAAAABAAEAAAICTAEAOw==\" data-safe-src=\"data:image\/gif;base64,R0lGODlhAQABAIAAAP\/\/\/\/\/\/\/yH5BAEKAAEALAAAAAABAAEAAAICTAEAOw==\" \/><\/a><\/div><\/div><div id=\"envira-gallery-item-1826\" class=\"envira-gallery-item enviratope-item envira-gallery-item-34 envira-lazy-load\" style=\"padding-left: 5px; padding-bottom: 10px; padding-right: 5px;\"  itemscope itemtype=\"https:\/\/schema.org\/ImageObject\"><div class=\"envira-gallery-item-inner\"><div class=\"envira-gallery-position-overlay  envira-gallery-top-left\"><\/div><div class=\"envira-gallery-position-overlay  envira-gallery-top-right\"><\/div><div class=\"envira-gallery-position-overlay  envira-gallery-bottom-left\"><\/div><div class=\"envira-gallery-position-overlay  envira-gallery-bottom-right\"><\/div><a href=\"https:\/\/ekologia.kpodr.pl\/wp-content\/uploads\/2025\/08\/warsztaty-przyrodnicze-pn.-Ochrona-zasobow-przyrodniczych-na-obszarach-wiejskich-7.jpg\" class=\"envira-gallery-1791 envira-gallery-link\" rel=\"enviragallery1791\" title=\"warsztaty-przyrodnicze-pn.-Ochrona-zasobow-przyrodniczych-na-obszarach-wiejskich-7\" data-envira-caption=\"warsztaty-przyrodnicze-pn.-Ochrona-zasobow-przyrodniczych-na-obszarach-wiejskich-7\" data-envira-retina=\"\" data-thumbnail=\"\"  itemprop=\"contentUrl\"><img decoding=\"async\" id=\"envira-gallery-image-1826\" class=\"envira-gallery-image envira-gallery-image-34 envira-normal envira-lazy\" data-envira-index=\"34\" src=\"https:\/\/ekologia.kpodr.pl\/wp-content\/uploads\/2025\/08\/warsztaty-przyrodnicze-pn.-Ochrona-zasobow-przyrodniczych-na-obszarach-wiejskich-7-640x480.jpg\" data-envira-src=\"https:\/\/ekologia.kpodr.pl\/wp-content\/uploads\/2025\/08\/warsztaty-przyrodnicze-pn.-Ochrona-zasobow-przyrodniczych-na-obszarach-wiejskich-7-640x480.jpg\" data-envira-gallery-id=\"1791\" data-envira-item-id=\"1826\" data-envira-caption=\"warsztaty-przyrodnicze-pn.-Ochrona-zasobow-przyrodniczych-na-obszarach-wiejskich-7\" alt=\"\" title=\"warsztaty-przyrodnicze-pn.-Ochrona-zasobow-przyrodniczych-na-obszarach-wiejskich-7\"  itemprop=\"thumbnailUrl\" data-envira-srcset=\"https:\/\/ekologia.kpodr.pl\/wp-content\/uploads\/2025\/08\/warsztaty-przyrodnicze-pn.-Ochrona-zasobow-przyrodniczych-na-obszarach-wiejskich-7-640x480.jpg 400w,https:\/\/ekologia.kpodr.pl\/wp-content\/uploads\/2025\/08\/warsztaty-przyrodnicze-pn.-Ochrona-zasobow-przyrodniczych-na-obszarach-wiejskich-7-640x480.jpg 2x\" data-envira-width=\"300\" data-envira-height=\"225\" srcset=\"data:image\/gif;base64,R0lGODlhAQABAIAAAP\/\/\/\/\/\/\/yH5BAEKAAEALAAAAAABAAEAAAICTAEAOw==\" data-safe-src=\"data:image\/gif;base64,R0lGODlhAQABAIAAAP\/\/\/\/\/\/\/yH5BAEKAAEALAAAAAABAAEAAAICTAEAOw==\" \/><\/a><\/div><\/div><div id=\"envira-gallery-item-1827\" class=\"envira-gallery-item enviratope-item envira-gallery-item-35 envira-lazy-load\" style=\"padding-left: 5px; padding-bottom: 10px; padding-right: 5px;\"  itemscope itemtype=\"https:\/\/schema.org\/ImageObject\"><div class=\"envira-gallery-item-inner\"><div class=\"envira-gallery-position-overlay  envira-gallery-top-left\"><\/div><div class=\"envira-gallery-position-overlay  envira-gallery-top-right\"><\/div><div class=\"envira-gallery-position-overlay  envira-gallery-bottom-left\"><\/div><div class=\"envira-gallery-position-overlay  envira-gallery-bottom-right\"><\/div><a href=\"https:\/\/ekologia.kpodr.pl\/wp-content\/uploads\/2025\/08\/warsztaty-przyrodnicze-pn.-Ochrona-zasobow-przyrodniczych-na-obszarach-wiejskich-8-.jpg\" class=\"envira-gallery-1791 envira-gallery-link\" rel=\"enviragallery1791\" title=\"warsztaty-przyrodnicze-pn.-Ochrona-zasobow-przyrodniczych-na-obszarach-wiejskich-8-\" data-envira-caption=\"warsztaty-przyrodnicze-pn.-Ochrona-zasobow-przyrodniczych-na-obszarach-wiejskich-8-\" data-envira-retina=\"\" data-thumbnail=\"\"  itemprop=\"contentUrl\"><img decoding=\"async\" id=\"envira-gallery-image-1827\" class=\"envira-gallery-image envira-gallery-image-35 envira-normal envira-lazy\" data-envira-index=\"35\" src=\"https:\/\/ekologia.kpodr.pl\/wp-content\/uploads\/2025\/08\/warsztaty-przyrodnicze-pn.-Ochrona-zasobow-przyrodniczych-na-obszarach-wiejskich-8--640x480.jpg\" data-envira-src=\"https:\/\/ekologia.kpodr.pl\/wp-content\/uploads\/2025\/08\/warsztaty-przyrodnicze-pn.-Ochrona-zasobow-przyrodniczych-na-obszarach-wiejskich-8--640x480.jpg\" data-envira-gallery-id=\"1791\" data-envira-item-id=\"1827\" data-envira-caption=\"warsztaty-przyrodnicze-pn.-Ochrona-zasobow-przyrodniczych-na-obszarach-wiejskich-8-\" alt=\"\" title=\"warsztaty-przyrodnicze-pn.-Ochrona-zasobow-przyrodniczych-na-obszarach-wiejskich-8-\"  itemprop=\"thumbnailUrl\" data-envira-srcset=\"https:\/\/ekologia.kpodr.pl\/wp-content\/uploads\/2025\/08\/warsztaty-przyrodnicze-pn.-Ochrona-zasobow-przyrodniczych-na-obszarach-wiejskich-8--640x480.jpg 400w,https:\/\/ekologia.kpodr.pl\/wp-content\/uploads\/2025\/08\/warsztaty-przyrodnicze-pn.-Ochrona-zasobow-przyrodniczych-na-obszarach-wiejskich-8--640x480.jpg 2x\" data-envira-width=\"300\" data-envira-height=\"225\" srcset=\"data:image\/gif;base64,R0lGODlhAQABAIAAAP\/\/\/\/\/\/\/yH5BAEKAAEALAAAAAABAAEAAAICTAEAOw==\" data-safe-src=\"data:image\/gif;base64,R0lGODlhAQABAIAAAP\/\/\/\/\/\/\/yH5BAEKAAEALAAAAAABAAEAAAICTAEAOw==\" \/><\/a><\/div><\/div><div id=\"envira-gallery-item-1828\" class=\"envira-gallery-item enviratope-item envira-gallery-item-36 envira-lazy-load\" style=\"padding-left: 5px; padding-bottom: 10px; padding-right: 5px;\"  itemscope itemtype=\"https:\/\/schema.org\/ImageObject\"><div class=\"envira-gallery-item-inner\"><div class=\"envira-gallery-position-overlay  envira-gallery-top-left\"><\/div><div class=\"envira-gallery-position-overlay  envira-gallery-top-right\"><\/div><div class=\"envira-gallery-position-overlay  envira-gallery-bottom-left\"><\/div><div class=\"envira-gallery-position-overlay  envira-gallery-bottom-right\"><\/div><a href=\"https:\/\/ekologia.kpodr.pl\/wp-content\/uploads\/2025\/08\/warsztaty-przyrodnicze-pn.-Ochrona-zasobow-przyrodniczych-na-obszarach-wiejskich-9-.jpg\" class=\"envira-gallery-1791 envira-gallery-link\" rel=\"enviragallery1791\" title=\"warsztaty-przyrodnicze-pn.-Ochrona-zasobow-przyrodniczych-na-obszarach-wiejskich-9-\" data-envira-caption=\"warsztaty-przyrodnicze-pn.-Ochrona-zasobow-przyrodniczych-na-obszarach-wiejskich-9-\" data-envira-retina=\"\" data-thumbnail=\"\"  itemprop=\"contentUrl\"><img decoding=\"async\" id=\"envira-gallery-image-1828\" class=\"envira-gallery-image envira-gallery-image-36 envira-normal envira-lazy\" data-envira-index=\"36\" src=\"https:\/\/ekologia.kpodr.pl\/wp-content\/uploads\/2025\/08\/warsztaty-przyrodnicze-pn.-Ochrona-zasobow-przyrodniczych-na-obszarach-wiejskich-9--640x480.jpg\" data-envira-src=\"https:\/\/ekologia.kpodr.pl\/wp-content\/uploads\/2025\/08\/warsztaty-przyrodnicze-pn.-Ochrona-zasobow-przyrodniczych-na-obszarach-wiejskich-9--640x480.jpg\" data-envira-gallery-id=\"1791\" data-envira-item-id=\"1828\" data-envira-caption=\"warsztaty-przyrodnicze-pn.-Ochrona-zasobow-przyrodniczych-na-obszarach-wiejskich-9-\" alt=\"\" title=\"warsztaty-przyrodnicze-pn.-Ochrona-zasobow-przyrodniczych-na-obszarach-wiejskich-9-\"  itemprop=\"thumbnailUrl\" data-envira-srcset=\"https:\/\/ekologia.kpodr.pl\/wp-content\/uploads\/2025\/08\/warsztaty-przyrodnicze-pn.-Ochrona-zasobow-przyrodniczych-na-obszarach-wiejskich-9--640x480.jpg 400w,https:\/\/ekologia.kpodr.pl\/wp-content\/uploads\/2025\/08\/warsztaty-przyrodnicze-pn.-Ochrona-zasobow-przyrodniczych-na-obszarach-wiejskich-9--640x480.jpg 2x\" data-envira-width=\"300\" data-envira-height=\"225\" srcset=\"data:image\/gif;base64,R0lGODlhAQABAIAAAP\/\/\/\/\/\/\/yH5BAEKAAEALAAAAAABAAEAAAICTAEAOw==\" data-safe-src=\"data:image\/gif;base64,R0lGODlhAQABAIAAAP\/\/\/\/\/\/\/yH5BAEKAAEALAAAAAABAAEAAAICTAEAOw==\" \/><\/a><\/div><\/div><div id=\"envira-gallery-item-1829\" class=\"envira-gallery-item enviratope-item envira-gallery-item-37 envira-lazy-load\" style=\"padding-left: 5px; padding-bottom: 10px; padding-right: 5px;\"  itemscope itemtype=\"https:\/\/schema.org\/ImageObject\"><div class=\"envira-gallery-item-inner\"><div class=\"envira-gallery-position-overlay  envira-gallery-top-left\"><\/div><div class=\"envira-gallery-position-overlay  envira-gallery-top-right\"><\/div><div class=\"envira-gallery-position-overlay  envira-gallery-bottom-left\"><\/div><div class=\"envira-gallery-position-overlay  envira-gallery-bottom-right\"><\/div><a href=\"https:\/\/ekologia.kpodr.pl\/wp-content\/uploads\/2025\/08\/warsztaty-przyrodnicze-pn.-Ochrona-zasobow-przyrodniczych-na-obszarach-wiejskich-10.jpg\" class=\"envira-gallery-1791 envira-gallery-link\" rel=\"enviragallery1791\" title=\"warsztaty-przyrodnicze-pn.-Ochrona-zasobow-przyrodniczych-na-obszarach-wiejskich-10\" data-envira-caption=\"warsztaty-przyrodnicze-pn.-Ochrona-zasobow-przyrodniczych-na-obszarach-wiejskich-10\" data-envira-retina=\"\" data-thumbnail=\"\"  itemprop=\"contentUrl\"><img decoding=\"async\" id=\"envira-gallery-image-1829\" class=\"envira-gallery-image envira-gallery-image-37 envira-normal envira-lazy\" data-envira-index=\"37\" src=\"https:\/\/ekologia.kpodr.pl\/wp-content\/uploads\/2025\/08\/warsztaty-przyrodnicze-pn.-Ochrona-zasobow-przyrodniczych-na-obszarach-wiejskich-10-640x480.jpg\" data-envira-src=\"https:\/\/ekologia.kpodr.pl\/wp-content\/uploads\/2025\/08\/warsztaty-przyrodnicze-pn.-Ochrona-zasobow-przyrodniczych-na-obszarach-wiejskich-10-640x480.jpg\" data-envira-gallery-id=\"1791\" data-envira-item-id=\"1829\" data-envira-caption=\"warsztaty-przyrodnicze-pn.-Ochrona-zasobow-przyrodniczych-na-obszarach-wiejskich-10\" alt=\"\" title=\"warsztaty-przyrodnicze-pn.-Ochrona-zasobow-przyrodniczych-na-obszarach-wiejskich-10\"  itemprop=\"thumbnailUrl\" data-envira-srcset=\"https:\/\/ekologia.kpodr.pl\/wp-content\/uploads\/2025\/08\/warsztaty-przyrodnicze-pn.-Ochrona-zasobow-przyrodniczych-na-obszarach-wiejskich-10-640x480.jpg 400w,https:\/\/ekologia.kpodr.pl\/wp-content\/uploads\/2025\/08\/warsztaty-przyrodnicze-pn.-Ochrona-zasobow-przyrodniczych-na-obszarach-wiejskich-10-640x480.jpg 2x\" data-envira-width=\"300\" data-envira-height=\"225\" srcset=\"data:image\/gif;base64,R0lGODlhAQABAIAAAP\/\/\/\/\/\/\/yH5BAEKAAEALAAAAAABAAEAAAICTAEAOw==\" data-safe-src=\"data:image\/gif;base64,R0lGODlhAQABAIAAAP\/\/\/\/\/\/\/yH5BAEKAAEALAAAAAABAAEAAAICTAEAOw==\" \/><\/a><\/div><\/div><div id=\"envira-gallery-item-1830\" class=\"envira-gallery-item enviratope-item envira-gallery-item-38 envira-lazy-load\" style=\"padding-left: 5px; padding-bottom: 10px; padding-right: 5px;\"  itemscope itemtype=\"https:\/\/schema.org\/ImageObject\"><div class=\"envira-gallery-item-inner\"><div class=\"envira-gallery-position-overlay  envira-gallery-top-left\"><\/div><div class=\"envira-gallery-position-overlay  envira-gallery-top-right\"><\/div><div class=\"envira-gallery-position-overlay  envira-gallery-bottom-left\"><\/div><div class=\"envira-gallery-position-overlay  envira-gallery-bottom-right\"><\/div><a href=\"https:\/\/ekologia.kpodr.pl\/wp-content\/uploads\/2025\/08\/warsztaty-przyrodnicze-pn.-Ochrona-zasobow-przyrodniczych-na-obszarach-wiejskich-11.jpg\" class=\"envira-gallery-1791 envira-gallery-link\" rel=\"enviragallery1791\" title=\"warsztaty-przyrodnicze-pn.-Ochrona-zasobow-przyrodniczych-na-obszarach-wiejskich-11\" data-envira-caption=\"warsztaty-przyrodnicze-pn.-Ochrona-zasobow-przyrodniczych-na-obszarach-wiejskich-11\" data-envira-retina=\"\" data-thumbnail=\"\"  itemprop=\"contentUrl\"><img decoding=\"async\" id=\"envira-gallery-image-1830\" class=\"envira-gallery-image envira-gallery-image-38 envira-normal envira-lazy\" data-envira-index=\"38\" src=\"https:\/\/ekologia.kpodr.pl\/wp-content\/uploads\/2025\/08\/warsztaty-przyrodnicze-pn.-Ochrona-zasobow-przyrodniczych-na-obszarach-wiejskich-11-640x480.jpg\" data-envira-src=\"https:\/\/ekologia.kpodr.pl\/wp-content\/uploads\/2025\/08\/warsztaty-przyrodnicze-pn.-Ochrona-zasobow-przyrodniczych-na-obszarach-wiejskich-11-640x480.jpg\" data-envira-gallery-id=\"1791\" data-envira-item-id=\"1830\" data-envira-caption=\"warsztaty-przyrodnicze-pn.-Ochrona-zasobow-przyrodniczych-na-obszarach-wiejskich-11\" alt=\"\" title=\"warsztaty-przyrodnicze-pn.-Ochrona-zasobow-przyrodniczych-na-obszarach-wiejskich-11\"  itemprop=\"thumbnailUrl\" data-envira-srcset=\"https:\/\/ekologia.kpodr.pl\/wp-content\/uploads\/2025\/08\/warsztaty-przyrodnicze-pn.-Ochrona-zasobow-przyrodniczych-na-obszarach-wiejskich-11-640x480.jpg 400w,https:\/\/ekologia.kpodr.pl\/wp-content\/uploads\/2025\/08\/warsztaty-przyrodnicze-pn.-Ochrona-zasobow-przyrodniczych-na-obszarach-wiejskich-11-640x480.jpg 2x\" data-envira-width=\"300\" data-envira-height=\"225\" srcset=\"data:image\/gif;base64,R0lGODlhAQABAIAAAP\/\/\/\/\/\/\/yH5BAEKAAEALAAAAAABAAEAAAICTAEAOw==\" data-safe-src=\"data:image\/gif;base64,R0lGODlhAQABAIAAAP\/\/\/\/\/\/\/yH5BAEKAAEALAAAAAABAAEAAAICTAEAOw==\" \/><\/a><\/div><\/div><div id=\"envira-gallery-item-1831\" class=\"envira-gallery-item enviratope-item envira-gallery-item-39 envira-lazy-load\" style=\"padding-left: 5px; padding-bottom: 10px; padding-right: 5px;\"  itemscope itemtype=\"https:\/\/schema.org\/ImageObject\"><div class=\"envira-gallery-item-inner\"><div class=\"envira-gallery-position-overlay  envira-gallery-top-left\"><\/div><div class=\"envira-gallery-position-overlay  envira-gallery-top-right\"><\/div><div class=\"envira-gallery-position-overlay  envira-gallery-bottom-left\"><\/div><div class=\"envira-gallery-position-overlay  envira-gallery-bottom-right\"><\/div><a href=\"https:\/\/ekologia.kpodr.pl\/wp-content\/uploads\/2025\/08\/warsztaty-przyrodnicze-pn.-Ochrona-zasobow-przyrodniczych-na-obszarach-wiejskich-12.jpg\" class=\"envira-gallery-1791 envira-gallery-link\" rel=\"enviragallery1791\" title=\"warsztaty-przyrodnicze-pn.-Ochrona-zasobow-przyrodniczych-na-obszarach-wiejskich-12\" data-envira-caption=\"warsztaty-przyrodnicze-pn.-Ochrona-zasobow-przyrodniczych-na-obszarach-wiejskich-12\" data-envira-retina=\"\" data-thumbnail=\"\"  itemprop=\"contentUrl\"><img decoding=\"async\" id=\"envira-gallery-image-1831\" class=\"envira-gallery-image envira-gallery-image-39 envira-normal envira-lazy\" data-envira-index=\"39\" src=\"https:\/\/ekologia.kpodr.pl\/wp-content\/uploads\/2025\/08\/warsztaty-przyrodnicze-pn.-Ochrona-zasobow-przyrodniczych-na-obszarach-wiejskich-12-640x480.jpg\" data-envira-src=\"https:\/\/ekologia.kpodr.pl\/wp-content\/uploads\/2025\/08\/warsztaty-przyrodnicze-pn.-Ochrona-zasobow-przyrodniczych-na-obszarach-wiejskich-12-640x480.jpg\" data-envira-gallery-id=\"1791\" data-envira-item-id=\"1831\" data-envira-caption=\"warsztaty-przyrodnicze-pn.-Ochrona-zasobow-przyrodniczych-na-obszarach-wiejskich-12\" alt=\"\" title=\"warsztaty-przyrodnicze-pn.-Ochrona-zasobow-przyrodniczych-na-obszarach-wiejskich-12\"  itemprop=\"thumbnailUrl\" data-envira-srcset=\"https:\/\/ekologia.kpodr.pl\/wp-content\/uploads\/2025\/08\/warsztaty-przyrodnicze-pn.-Ochrona-zasobow-przyrodniczych-na-obszarach-wiejskich-12-640x480.jpg 400w,https:\/\/ekologia.kpodr.pl\/wp-content\/uploads\/2025\/08\/warsztaty-przyrodnicze-pn.-Ochrona-zasobow-przyrodniczych-na-obszarach-wiejskich-12-640x480.jpg 2x\" data-envira-width=\"300\" data-envira-height=\"225\" srcset=\"data:image\/gif;base64,R0lGODlhAQABAIAAAP\/\/\/\/\/\/\/yH5BAEKAAEALAAAAAABAAEAAAICTAEAOw==\" data-safe-src=\"data:image\/gif;base64,R0lGODlhAQABAIAAAP\/\/\/\/\/\/\/yH5BAEKAAEALAAAAAABAAEAAAICTAEAOw==\" \/><\/a><\/div><\/div><div id=\"envira-gallery-item-1832\" class=\"envira-gallery-item enviratope-item envira-gallery-item-40 envira-lazy-load\" style=\"padding-left: 5px; padding-bottom: 10px; padding-right: 5px;\"  itemscope itemtype=\"https:\/\/schema.org\/ImageObject\"><div class=\"envira-gallery-item-inner\"><div class=\"envira-gallery-position-overlay  envira-gallery-top-left\"><\/div><div class=\"envira-gallery-position-overlay  envira-gallery-top-right\"><\/div><div class=\"envira-gallery-position-overlay  envira-gallery-bottom-left\"><\/div><div class=\"envira-gallery-position-overlay  envira-gallery-bottom-right\"><\/div><a href=\"https:\/\/ekologia.kpodr.pl\/wp-content\/uploads\/2025\/08\/warsztaty-przyrodnicze-pn.-Ochrona-zasobow-przyrodniczych-na-obszarach-wiejskich-13-.jpg\" class=\"envira-gallery-1791 envira-gallery-link\" rel=\"enviragallery1791\" title=\"warsztaty-przyrodnicze-pn.-Ochrona-zasobow-przyrodniczych-na-obszarach-wiejskich-13-\" data-envira-caption=\"warsztaty-przyrodnicze-pn.-Ochrona-zasobow-przyrodniczych-na-obszarach-wiejskich-13-\" data-envira-retina=\"\" data-thumbnail=\"\"  itemprop=\"contentUrl\"><img decoding=\"async\" id=\"envira-gallery-image-1832\" class=\"envira-gallery-image envira-gallery-image-40 envira-normal envira-lazy\" data-envira-index=\"40\" src=\"https:\/\/ekologia.kpodr.pl\/wp-content\/uploads\/2025\/08\/warsztaty-przyrodnicze-pn.-Ochrona-zasobow-przyrodniczych-na-obszarach-wiejskich-13--640x480.jpg\" data-envira-src=\"https:\/\/ekologia.kpodr.pl\/wp-content\/uploads\/2025\/08\/warsztaty-przyrodnicze-pn.-Ochrona-zasobow-przyrodniczych-na-obszarach-wiejskich-13--640x480.jpg\" data-envira-gallery-id=\"1791\" data-envira-item-id=\"1832\" data-envira-caption=\"warsztaty-przyrodnicze-pn.-Ochrona-zasobow-przyrodniczych-na-obszarach-wiejskich-13-\" alt=\"\" title=\"warsztaty-przyrodnicze-pn.-Ochrona-zasobow-przyrodniczych-na-obszarach-wiejskich-13-\"  itemprop=\"thumbnailUrl\" data-envira-srcset=\"https:\/\/ekologia.kpodr.pl\/wp-content\/uploads\/2025\/08\/warsztaty-przyrodnicze-pn.-Ochrona-zasobow-przyrodniczych-na-obszarach-wiejskich-13--640x480.jpg 400w,https:\/\/ekologia.kpodr.pl\/wp-content\/uploads\/2025\/08\/warsztaty-przyrodnicze-pn.-Ochrona-zasobow-przyrodniczych-na-obszarach-wiejskich-13--640x480.jpg 2x\" data-envira-width=\"300\" data-envira-height=\"225\" srcset=\"data:image\/gif;base64,R0lGODlhAQABAIAAAP\/\/\/\/\/\/\/yH5BAEKAAEALAAAAAABAAEAAAICTAEAOw==\" data-safe-src=\"data:image\/gif;base64,R0lGODlhAQABAIAAAP\/\/\/\/\/\/\/yH5BAEKAAEALAAAAAABAAEAAAICTAEAOw==\" \/><\/a><\/div><\/div><div id=\"envira-gallery-item-1833\" class=\"envira-gallery-item enviratope-item envira-gallery-item-41 envira-lazy-load\" style=\"padding-left: 5px; padding-bottom: 10px; padding-right: 5px;\"  itemscope itemtype=\"https:\/\/schema.org\/ImageObject\"><div class=\"envira-gallery-item-inner\"><div class=\"envira-gallery-position-overlay  envira-gallery-top-left\"><\/div><div class=\"envira-gallery-position-overlay  envira-gallery-top-right\"><\/div><div class=\"envira-gallery-position-overlay  envira-gallery-bottom-left\"><\/div><div class=\"envira-gallery-position-overlay  envira-gallery-bottom-right\"><\/div><a href=\"https:\/\/ekologia.kpodr.pl\/wp-content\/uploads\/2025\/08\/warsztaty-przyrodnicze-pn.-Ochrona-zasobow-przyrodniczych-na-obszarach-wiejskich-14.jpg\" class=\"envira-gallery-1791 envira-gallery-link\" rel=\"enviragallery1791\" title=\"warsztaty-przyrodnicze-pn.-Ochrona-zasobow-przyrodniczych-na-obszarach-wiejskich-14\" data-envira-caption=\"warsztaty-przyrodnicze-pn.-Ochrona-zasobow-przyrodniczych-na-obszarach-wiejskich-14\" data-envira-retina=\"\" data-thumbnail=\"\"  itemprop=\"contentUrl\"><img decoding=\"async\" id=\"envira-gallery-image-1833\" class=\"envira-gallery-image envira-gallery-image-41 envira-normal envira-lazy\" data-envira-index=\"41\" src=\"https:\/\/ekologia.kpodr.pl\/wp-content\/uploads\/2025\/08\/warsztaty-przyrodnicze-pn.-Ochrona-zasobow-przyrodniczych-na-obszarach-wiejskich-14-640x480.jpg\" data-envira-src=\"https:\/\/ekologia.kpodr.pl\/wp-content\/uploads\/2025\/08\/warsztaty-przyrodnicze-pn.-Ochrona-zasobow-przyrodniczych-na-obszarach-wiejskich-14-640x480.jpg\" data-envira-gallery-id=\"1791\" data-envira-item-id=\"1833\" data-envira-caption=\"warsztaty-przyrodnicze-pn.-Ochrona-zasobow-przyrodniczych-na-obszarach-wiejskich-14\" alt=\"\" title=\"warsztaty-przyrodnicze-pn.-Ochrona-zasobow-przyrodniczych-na-obszarach-wiejskich-14\"  itemprop=\"thumbnailUrl\" data-envira-srcset=\"https:\/\/ekologia.kpodr.pl\/wp-content\/uploads\/2025\/08\/warsztaty-przyrodnicze-pn.-Ochrona-zasobow-przyrodniczych-na-obszarach-wiejskich-14-640x480.jpg 400w,https:\/\/ekologia.kpodr.pl\/wp-content\/uploads\/2025\/08\/warsztaty-przyrodnicze-pn.-Ochrona-zasobow-przyrodniczych-na-obszarach-wiejskich-14-640x480.jpg 2x\" data-envira-width=\"225\" data-envira-height=\"300\" srcset=\"data:image\/gif;base64,R0lGODlhAQABAIAAAP\/\/\/\/\/\/\/yH5BAEKAAEALAAAAAABAAEAAAICTAEAOw==\" data-safe-src=\"data:image\/gif;base64,R0lGODlhAQABAIAAAP\/\/\/\/\/\/\/yH5BAEKAAEALAAAAAABAAEAAAICTAEAOw==\" \/><\/a><\/div><\/div><div id=\"envira-gallery-item-1834\" class=\"envira-gallery-item enviratope-item envira-gallery-item-42 envira-lazy-load\" style=\"padding-left: 5px; padding-bottom: 10px; padding-right: 5px;\"  itemscope itemtype=\"https:\/\/schema.org\/ImageObject\"><div class=\"envira-gallery-item-inner\"><div class=\"envira-gallery-position-overlay  envira-gallery-top-left\"><\/div><div class=\"envira-gallery-position-overlay  envira-gallery-top-right\"><\/div><div class=\"envira-gallery-position-overlay  envira-gallery-bottom-left\"><\/div><div class=\"envira-gallery-position-overlay  envira-gallery-bottom-right\"><\/div><a href=\"https:\/\/ekologia.kpodr.pl\/wp-content\/uploads\/2025\/08\/Wyjscie-w-teren.jpg\" class=\"envira-gallery-1791 envira-gallery-link\" rel=\"enviragallery1791\" title=\"Wyjscie-w-teren\" data-envira-caption=\"Wyjscie-w-teren\" data-envira-retina=\"\" data-thumbnail=\"\"  itemprop=\"contentUrl\"><img decoding=\"async\" id=\"envira-gallery-image-1834\" class=\"envira-gallery-image envira-gallery-image-42 envira-normal envira-lazy\" data-envira-index=\"42\" src=\"https:\/\/ekologia.kpodr.pl\/wp-content\/uploads\/2025\/08\/Wyjscie-w-teren-640x480.jpg\" data-envira-src=\"https:\/\/ekologia.kpodr.pl\/wp-content\/uploads\/2025\/08\/Wyjscie-w-teren-640x480.jpg\" data-envira-gallery-id=\"1791\" data-envira-item-id=\"1834\" data-envira-caption=\"Wyjscie-w-teren\" alt=\"\" title=\"Wyjscie-w-teren\"  itemprop=\"thumbnailUrl\" data-envira-srcset=\"https:\/\/ekologia.kpodr.pl\/wp-content\/uploads\/2025\/08\/Wyjscie-w-teren-640x480.jpg 400w,https:\/\/ekologia.kpodr.pl\/wp-content\/uploads\/2025\/08\/Wyjscie-w-teren-640x480.jpg 2x\" data-envira-width=\"300\" data-envira-height=\"225\" srcset=\"data:image\/gif;base64,R0lGODlhAQABAIAAAP\/\/\/\/\/\/\/yH5BAEKAAEALAAAAAABAAEAAAICTAEAOw==\" data-safe-src=\"data:image\/gif;base64,R0lGODlhAQABAIAAAP\/\/\/\/\/\/\/yH5BAEKAAEALAAAAAABAAEAAAICTAEAOw==\" \/><\/a><\/div><\/div><div id=\"envira-gallery-item-1835\" class=\"envira-gallery-item enviratope-item envira-gallery-item-43 envira-lazy-load\" style=\"padding-left: 5px; padding-bottom: 10px; padding-right: 5px;\"  itemscope itemtype=\"https:\/\/schema.org\/ImageObject\"><div class=\"envira-gallery-item-inner\"><div class=\"envira-gallery-position-overlay  envira-gallery-top-left\"><\/div><div class=\"envira-gallery-position-overlay  envira-gallery-top-right\"><\/div><div class=\"envira-gallery-position-overlay  envira-gallery-bottom-left\"><\/div><div class=\"envira-gallery-position-overlay  envira-gallery-bottom-right\"><\/div><a href=\"https:\/\/ekologia.kpodr.pl\/wp-content\/uploads\/2025\/08\/Wyklad-2-.jpg\" class=\"envira-gallery-1791 envira-gallery-link\" rel=\"enviragallery1791\" title=\"Wyklad-2-\" data-envira-caption=\"Wyklad-2-\" data-envira-retina=\"\" data-thumbnail=\"\"  itemprop=\"contentUrl\"><img decoding=\"async\" id=\"envira-gallery-image-1835\" class=\"envira-gallery-image envira-gallery-image-43 envira-normal envira-lazy\" data-envira-index=\"43\" src=\"https:\/\/ekologia.kpodr.pl\/wp-content\/uploads\/2025\/08\/Wyklad-2--640x480.jpg\" data-envira-src=\"https:\/\/ekologia.kpodr.pl\/wp-content\/uploads\/2025\/08\/Wyklad-2--640x480.jpg\" data-envira-gallery-id=\"1791\" data-envira-item-id=\"1835\" data-envira-caption=\"Wyklad-2-\" alt=\"\" title=\"Wyklad-2-\"  itemprop=\"thumbnailUrl\" data-envira-srcset=\"https:\/\/ekologia.kpodr.pl\/wp-content\/uploads\/2025\/08\/Wyklad-2--640x480.jpg 400w,https:\/\/ekologia.kpodr.pl\/wp-content\/uploads\/2025\/08\/Wyklad-2--640x480.jpg 2x\" data-envira-width=\"300\" data-envira-height=\"225\" srcset=\"data:image\/gif;base64,R0lGODlhAQABAIAAAP\/\/\/\/\/\/\/yH5BAEKAAEALAAAAAABAAEAAAICTAEAOw==\" data-safe-src=\"data:image\/gif;base64,R0lGODlhAQABAIAAAP\/\/\/\/\/\/\/yH5BAEKAAEALAAAAAABAAEAAAICTAEAOw==\" \/><\/a><\/div><\/div><div id=\"envira-gallery-item-1836\" class=\"envira-gallery-item enviratope-item envira-gallery-item-44 envira-lazy-load\" style=\"padding-left: 5px; padding-bottom: 10px; padding-right: 5px;\"  itemscope itemtype=\"https:\/\/schema.org\/ImageObject\"><div class=\"envira-gallery-item-inner\"><div class=\"envira-gallery-position-overlay  envira-gallery-top-left\"><\/div><div class=\"envira-gallery-position-overlay  envira-gallery-top-right\"><\/div><div class=\"envira-gallery-position-overlay  envira-gallery-bottom-left\"><\/div><div class=\"envira-gallery-position-overlay  envira-gallery-bottom-right\"><\/div><a href=\"https:\/\/ekologia.kpodr.pl\/wp-content\/uploads\/2025\/08\/Wyklad-podczas-warsztatow-pn.-Ochrona-zasobow-przyrodniczych-na-obszarach-wiejskich.jpg\" class=\"envira-gallery-1791 envira-gallery-link\" rel=\"enviragallery1791\" title=\"Wyklad-podczas-warsztatow-pn.-Ochrona-zasobow-przyrodniczych-na-obszarach-wiejskich\" data-envira-caption=\"Wyklad-podczas-warsztatow-pn.-Ochrona-zasobow-przyrodniczych-na-obszarach-wiejskich\" data-envira-retina=\"\" data-thumbnail=\"\"  itemprop=\"contentUrl\"><img decoding=\"async\" id=\"envira-gallery-image-1836\" class=\"envira-gallery-image envira-gallery-image-44 envira-normal envira-lazy\" data-envira-index=\"44\" src=\"https:\/\/ekologia.kpodr.pl\/wp-content\/uploads\/2025\/08\/Wyklad-podczas-warsztatow-pn.-Ochrona-zasobow-przyrodniczych-na-obszarach-wiejskich-640x480.jpg\" data-envira-src=\"https:\/\/ekologia.kpodr.pl\/wp-content\/uploads\/2025\/08\/Wyklad-podczas-warsztatow-pn.-Ochrona-zasobow-przyrodniczych-na-obszarach-wiejskich-640x480.jpg\" data-envira-gallery-id=\"1791\" data-envira-item-id=\"1836\" data-envira-caption=\"Wyklad-podczas-warsztatow-pn.-Ochrona-zasobow-przyrodniczych-na-obszarach-wiejskich\" alt=\"\" title=\"Wyklad-podczas-warsztatow-pn.-Ochrona-zasobow-przyrodniczych-na-obszarach-wiejskich\"  itemprop=\"thumbnailUrl\" data-envira-srcset=\"https:\/\/ekologia.kpodr.pl\/wp-content\/uploads\/2025\/08\/Wyklad-podczas-warsztatow-pn.-Ochrona-zasobow-przyrodniczych-na-obszarach-wiejskich-640x480.jpg 400w,https:\/\/ekologia.kpodr.pl\/wp-content\/uploads\/2025\/08\/Wyklad-podczas-warsztatow-pn.-Ochrona-zasobow-przyrodniczych-na-obszarach-wiejskich-640x480.jpg 2x\" data-envira-width=\"300\" data-envira-height=\"225\" srcset=\"data:image\/gif;base64,R0lGODlhAQABAIAAAP\/\/\/\/\/\/\/yH5BAEKAAEALAAAAAABAAEAAAICTAEAOw==\" data-safe-src=\"data:image\/gif;base64,R0lGODlhAQABAIAAAP\/\/\/\/\/\/\/yH5BAEKAAEALAAAAAABAAEAAAICTAEAOw==\" \/><\/a><\/div><\/div><\/div><\/div><noscript><img decoding=\"async\" src=\"https:\/\/ekologia.kpodr.pl\/wp-content\/uploads\/2025\/08\/bociany.jpg\" alt=\"\" \/><img decoding=\"async\" src=\"https:\/\/ekologia.kpodr.pl\/wp-content\/uploads\/2025\/08\/Czesc-praktyczna-warsztatow.jpg\" alt=\"\" \/><img decoding=\"async\" src=\"https:\/\/ekologia.kpodr.pl\/wp-content\/uploads\/2025\/08\/Czesc-praktyczna-warsztatow-1.jpg\" alt=\"\" \/><img decoding=\"async\" src=\"https:\/\/ekologia.kpodr.pl\/wp-content\/uploads\/2025\/08\/Czesc-praktyczna-warsztatow-pn.-Ochrona-zasobow-przyrodniczych-na-obszarach-wiejskich.jpg\" alt=\"\" \/><img decoding=\"async\" src=\"https:\/\/ekologia.kpodr.pl\/wp-content\/uploads\/2025\/08\/Dawid-Kilon-opowiada-o-szrotowku-kaszanowiaczku.jpg\" alt=\"\" \/><img decoding=\"async\" src=\"https:\/\/ekologia.kpodr.pl\/wp-content\/uploads\/2025\/08\/Dawid-Kilon-prowadzi-wyklad.jpg\" alt=\"\" \/><img decoding=\"async\" src=\"https:\/\/ekologia.kpodr.pl\/wp-content\/uploads\/2025\/08\/Dawid-Kilon-prowadzi-wyklad-2.jpg\" alt=\"\" \/><img decoding=\"async\" src=\"https:\/\/ekologia.kpodr.pl\/wp-content\/uploads\/2025\/08\/Karmniki-dla-uczestnikow-warsztatow.jpg\" alt=\"\" \/><img decoding=\"async\" src=\"https:\/\/ekologia.kpodr.pl\/wp-content\/uploads\/2025\/08\/Prace-uczestnikow-warszatow.jpg\" alt=\"\" \/><img decoding=\"async\" src=\"https:\/\/ekologia.kpodr.pl\/wp-content\/uploads\/2025\/08\/Prace-uczestnikow-warsztatow.jpg\" alt=\"\" \/><img decoding=\"async\" src=\"https:\/\/ekologia.kpodr.pl\/wp-content\/uploads\/2025\/08\/Prowadzacy-Dawid-Kilon-oraz-uczestnicy-warsztatow.jpg\" alt=\"\" \/><img decoding=\"async\" src=\"https:\/\/ekologia.kpodr.pl\/wp-content\/uploads\/2025\/08\/Prowadzacy-pokazuje-jak-namalowac-szczegoly.jpg\" alt=\"\" \/><img decoding=\"async\" src=\"https:\/\/ekologia.kpodr.pl\/wp-content\/uploads\/2025\/08\/Prowadzacy-pokazuje-w-jaki-sposob-zachowac-proporcje.jpg\" alt=\"\" \/><img decoding=\"async\" src=\"https:\/\/ekologia.kpodr.pl\/wp-content\/uploads\/2025\/08\/Przystanek-przy-tablicy-edukacujnej-na-temat-zasobow-przyrodniczych-okolicy.jpg\" alt=\"\" \/><img decoding=\"async\" src=\"https:\/\/ekologia.kpodr.pl\/wp-content\/uploads\/2025\/08\/Uczestnicy-gotowi-do-malowania.jpg\" alt=\"\" \/><img decoding=\"async\" src=\"https:\/\/ekologia.kpodr.pl\/wp-content\/uploads\/2025\/08\/Uczestnicy-podziwiaja-makolagwe-przez-lunete.jpg\" alt=\"\" \/><img decoding=\"async\" src=\"https:\/\/ekologia.kpodr.pl\/wp-content\/uploads\/2025\/08\/Uczestnicy-szkolenia-w-rezerwacie-Hedera-w-Minikowie.jpg\" alt=\"\" \/><img decoding=\"async\" src=\"https:\/\/ekologia.kpodr.pl\/wp-content\/uploads\/2025\/08\/Uczestnicy-warszatow-otrzymali-karmniki-dla-ptakow.jpg\" alt=\"\" \/><img decoding=\"async\" src=\"https:\/\/ekologia.kpodr.pl\/wp-content\/uploads\/2025\/08\/Uczestnicy-warsztatow-na-tropie-ciekawych-gatunkow-ptakow.jpg\" alt=\"\" \/><img decoding=\"async\" src=\"https:\/\/ekologia.kpodr.pl\/wp-content\/uploads\/2025\/08\/Uczestnicy-warsztatow-w-drodze-do-Rezerwatu-Las-Minikowski-i-Rezerwatu-Hedera.jpg\" alt=\"\" \/><img decoding=\"async\" src=\"https:\/\/ekologia.kpodr.pl\/wp-content\/uploads\/2025\/08\/Uczestniczka-na-tle-Barszczu-Sosnowskiego-bardzo-inwazyjnego-gatunku.jpg\" alt=\"\" \/><img decoding=\"async\" src=\"https:\/\/ekologia.kpodr.pl\/wp-content\/uploads\/2025\/08\/Uczestniczka-warsztatow-a-w-tle-olbrzymie-okazy-niezwykle-inwazyjnego-Barszczu-Sosnowskiego.jpg\" alt=\"\" \/><img decoding=\"async\" src=\"https:\/\/ekologia.kpodr.pl\/wp-content\/uploads\/2025\/08\/Uczestniczki-szkolenia-z-wlasnorecznie-wykonanymi-pracami.jpg\" alt=\"\" \/><img decoding=\"async\" src=\"https:\/\/ekologia.kpodr.pl\/wp-content\/uploads\/2025\/08\/Uczestniczki-warszatow.jpg\" alt=\"\" \/><img decoding=\"async\" src=\"https:\/\/ekologia.kpodr.pl\/wp-content\/uploads\/2025\/08\/Uczestniczki-zaczynaja-malowac-bociana.jpg\" alt=\"\" \/><img decoding=\"async\" src=\"https:\/\/ekologia.kpodr.pl\/wp-content\/uploads\/2025\/08\/warsztat-pn.-Ochrona-zasobow-przyrodniczych-na-obszarach-wiejskich.jpg\" alt=\"\" \/><img decoding=\"async\" src=\"https:\/\/ekologia.kpodr.pl\/wp-content\/uploads\/2025\/08\/Warsztaty-pn.-Ochrona-zasobow-przyrodniczych-na-obszarach-wiejskich-.jpg\" alt=\"\" \/><img decoding=\"async\" src=\"https:\/\/ekologia.kpodr.pl\/wp-content\/uploads\/2025\/08\/warsztaty-przyrodnicze-pn.-Ochrona-zasobow-przyrodniczych-na-obszarach-wiejskich-.jpg\" alt=\"\" \/><img decoding=\"async\" src=\"https:\/\/ekologia.kpodr.pl\/wp-content\/uploads\/2025\/08\/warsztaty-przyrodnicze-pn.-Ochrona-zasobow-przyrodniczych-na-obszarach-wiejskich-2.jpg\" alt=\"\" \/><img decoding=\"async\" src=\"https:\/\/ekologia.kpodr.pl\/wp-content\/uploads\/2025\/08\/warsztaty-przyrodnicze-pn.-Ochrona-zasobow-przyrodniczych-na-obszarach-wiejskich-3-1024x768-1.jpg\" alt=\"\" \/><img decoding=\"async\" src=\"https:\/\/ekologia.kpodr.pl\/wp-content\/uploads\/2025\/08\/warsztaty-przyrodnicze-pn.-Ochrona-zasobow-przyrodniczych-na-obszarach-wiejskich-4.jpg\" alt=\"\" \/><img decoding=\"async\" src=\"https:\/\/ekologia.kpodr.pl\/wp-content\/uploads\/2025\/08\/warsztaty-przyrodnicze-pn.-Ochrona-zasobow-przyrodniczych-na-obszarach-wiejskich-5.jpg\" alt=\"\" \/><img decoding=\"async\" src=\"https:\/\/ekologia.kpodr.pl\/wp-content\/uploads\/2025\/08\/warsztaty-przyrodnicze-pn.-Ochrona-zasobow-przyrodniczych-na-obszarach-wiejskich-6.jpg\" alt=\"\" \/><img decoding=\"async\" src=\"https:\/\/ekologia.kpodr.pl\/wp-content\/uploads\/2025\/08\/warsztaty-przyrodnicze-pn.-Ochrona-zasobow-przyrodniczych-na-obszarach-wiejskich-7.jpg\" alt=\"\" \/><img decoding=\"async\" src=\"https:\/\/ekologia.kpodr.pl\/wp-content\/uploads\/2025\/08\/warsztaty-przyrodnicze-pn.-Ochrona-zasobow-przyrodniczych-na-obszarach-wiejskich-8-.jpg\" alt=\"\" \/><img decoding=\"async\" src=\"https:\/\/ekologia.kpodr.pl\/wp-content\/uploads\/2025\/08\/warsztaty-przyrodnicze-pn.-Ochrona-zasobow-przyrodniczych-na-obszarach-wiejskich-9-.jpg\" alt=\"\" \/><img decoding=\"async\" src=\"https:\/\/ekologia.kpodr.pl\/wp-content\/uploads\/2025\/08\/warsztaty-przyrodnicze-pn.-Ochrona-zasobow-przyrodniczych-na-obszarach-wiejskich-10.jpg\" alt=\"\" \/><img decoding=\"async\" src=\"https:\/\/ekologia.kpodr.pl\/wp-content\/uploads\/2025\/08\/warsztaty-przyrodnicze-pn.-Ochrona-zasobow-przyrodniczych-na-obszarach-wiejskich-11.jpg\" alt=\"\" \/><img decoding=\"async\" src=\"https:\/\/ekologia.kpodr.pl\/wp-content\/uploads\/2025\/08\/warsztaty-przyrodnicze-pn.-Ochrona-zasobow-przyrodniczych-na-obszarach-wiejskich-12.jpg\" alt=\"\" \/><img decoding=\"async\" src=\"https:\/\/ekologia.kpodr.pl\/wp-content\/uploads\/2025\/08\/warsztaty-przyrodnicze-pn.-Ochrona-zasobow-przyrodniczych-na-obszarach-wiejskich-13-.jpg\" alt=\"\" \/><img decoding=\"async\" src=\"https:\/\/ekologia.kpodr.pl\/wp-content\/uploads\/2025\/08\/warsztaty-przyrodnicze-pn.-Ochrona-zasobow-przyrodniczych-na-obszarach-wiejskich-14.jpg\" alt=\"\" \/><img decoding=\"async\" src=\"https:\/\/ekologia.kpodr.pl\/wp-content\/uploads\/2025\/08\/Wyjscie-w-teren.jpg\" alt=\"\" \/><img decoding=\"async\" src=\"https:\/\/ekologia.kpodr.pl\/wp-content\/uploads\/2025\/08\/Wyklad-2-.jpg\" alt=\"\" \/><img decoding=\"async\" src=\"https:\/\/ekologia.kpodr.pl\/wp-content\/uploads\/2025\/08\/Wyklad-podczas-warsztatow-pn.-Ochrona-zasobow-przyrodniczych-na-obszarach-wiejskich.jpg\" alt=\"\" \/><\/noscript><\/code><\/p>\n<p>Tekst i zdj\u0119cia: Ilona Ole\u015b, KPODR w Mnikowie \u00a0<\/p>\n<div>\n<hr align=\"left\" noshade=\"noshade\" size=\"2\" width=\"100%\" \/><\/div>\n<p>Warsztaty przyrodnicze wsp\u00f3\u0142finansowane zosta\u0142y ze \u015brodk\u00f3w Unii Europejskiej w ramach Planu Strategicznego dla Wsp\u00f3lnej Polityki Rolnej na lata 2023-2027. Operacja realizowana przez Kujawsko-Pomorski O\u015brodek Doradztwa Rolniczego w Minikowie. Instytucja Zarz\u0105dzaj\u0105ca Planem Strategicznym dla Wsp\u00f3lnej Polityki Rolnej na lata 2023-2027 \u2013 Minister Rolnictwa i Rozwoju Wsi.<\/p>\n<p align=\"center\">\u00a0<\/p>\n<p>\u00a0<\/p>\n","protected":false},"excerpt":{"rendered":"<p>29 lipca oraz 5 sierpnia 2025 roku Kujawsko-Pomorski O\u015brodek Doradztwa Rolniczego w Minikowie mia\u0142 przyjemno\u015b\u0107 zaprosi\u0107 rolnik\u00f3w, mieszka\u0144c\u00f3w obszar\u00f3w wiejskich oraz doradc\u00f3w rolniczych na warsztaty przyrodnicze pn. \u201eOchrona zasob\u00f3w przyrodniczych na obszarach wiejskich\u201d. W ka\u017cdym spotkaniu udzia\u0142 wzi\u0119\u0142o 15 os\u00f3b. Warsztaty przeprowadzi\u0142 Dawid Kilon \u2013 pasjonata, ornitolog, przyrodnik, rysownik, podr\u00f3\u017cnik, fotograf przyrody, wyk\u0142adowca na Politechnice [&hellip;]<\/p>\n","protected":false},"author":3,"featured_media":1833,"comment_status":"closed","ping_status":"closed","sticky":false,"template":"","format":"standard","meta":{"footnotes":""},"categories":[8],"tags":[34,35,6,97,81],"class_list":["post-1807","post","type-post","status-publish","format-standard","has-post-thumbnail","hentry","category-wydarzenia","tag-bioroznorodnosc","tag-ekologia","tag-kpodr","tag-ksow-2","tag-warsztaty"],"blocksy_meta":[],"_links":{"self":[{"href":"https:\/\/ekologia.kpodr.pl\/index.php\/wp-json\/wp\/v2\/posts\/1807","targetHints":{"allow":["GET"]}}],"collection":[{"href":"https:\/\/ekologia.kpodr.pl\/index.php\/wp-json\/wp\/v2\/posts"}],"about":[{"href":"https:\/\/ekologia.kpodr.pl\/index.php\/wp-json\/wp\/v2\/types\/post"}],"author":[{"embeddable":true,"href":"https:\/\/ekologia.kpodr.pl\/index.php\/wp-json\/wp\/v2\/users\/3"}],"replies":[{"embeddable":true,"href":"https:\/\/ekologia.kpodr.pl\/index.php\/wp-json\/wp\/v2\/comments?post=1807"}],"version-history":[{"count":1,"href":"https:\/\/ekologia.kpodr.pl\/index.php\/wp-json\/wp\/v2\/posts\/1807\/revisions"}],"predecessor-version":[{"id":1837,"href":"https:\/\/ekologia.kpodr.pl\/index.php\/wp-json\/wp\/v2\/posts\/1807\/revisions\/1837"}],"wp:featuredmedia":[{"embeddable":true,"href":"https:\/\/ekologia.kpodr.pl\/index.php\/wp-json\/wp\/v2\/media\/1833"}],"wp:attachment":[{"href":"https:\/\/ekologia.kpodr.pl\/index.php\/wp-json\/wp\/v2\/media?parent=1807"}],"wp:term":[{"taxonomy":"category","embeddable":true,"href":"https:\/\/ekologia.kpodr.pl\/index.php\/wp-json\/wp\/v2\/categories?post=1807"},{"taxonomy":"post_tag","embeddable":true,"href":"https:\/\/ekologia.kpodr.pl\/index.php\/wp-json\/wp\/v2\/tags?post=1807"}],"curies":[{"name":"wp","href":"https:\/\/api.w.org\/{rel}","templated":true}]}}