{"id":1544,"date":"2025-06-16T09:04:37","date_gmt":"2025-06-16T07:04:37","guid":{"rendered":"https:\/\/ekologia.kpodr.pl\/?p=1544"},"modified":"2025-12-10T11:40:30","modified_gmt":"2025-12-10T10:40:30","slug":"forum-rolnictwa-ekologicznego-wokol-rolnictwa-ekologicznego-w-kontekscie-globalnych-wyzwan","status":"publish","type":"post","link":"https:\/\/ekologia.kpodr.pl\/index.php\/2025\/06\/16\/forum-rolnictwa-ekologicznego-wokol-rolnictwa-ekologicznego-w-kontekscie-globalnych-wyzwan\/","title":{"rendered":"Forum Rolnictwa Ekologicznego \u201eWok\u00f3\u0142 rolnictwa ekologicznego w kontek\u015bcie globalnych wyzwa\u0144\u201d"},"content":{"rendered":"<p><img fetchpriority=\"high\" decoding=\"async\" class=\"alignnone size-large wp-image-66242\" src=\"https:\/\/www.kpodr.pl\/wp-content\/uploads\/2025\/05\/logowanie-do-Wsi-KSOW-1024x122.jpg\" alt=\"\" width=\"1024\" height=\"122\" data-id=\"66242\" \/><\/p>\n<hr \/>\n<p><strong>Konferencja \u201eWok\u00f3\u0142 rolnictwa ekologicznego w kontek\u015bcie globalnych wyzwa\u0144\u201d, kt\u00f3ra odby\u0142a si\u0119\u00a0 12 czerwca 2025 r. w Domu Kultury w Lubiewie zgromadzi\u0142a wielu zainteresowanych.<\/strong><\/p>\n<p>W\u015br\u00f3d prelegent\u00f3w znalaz\u0142 si\u0119 dr Jerzy Pr\u00f3chnicki znawca i specjalista od gleby, kt\u00f3ry om\u00f3wi\u0142 szeroki, ale niezwykle wa\u017cny temat z punktu widzenia producenta rolniczego pn. \u201eRolnictwo ekologiczne bez p\u0142uga-szansa czy niepowodzenie?\u201d. O wa\u017cno\u015bci tego tematu \u015bwiadczy\u0142y liczne pytania, ale i konstruktywne dyskusje w kuluarach.<\/p>\n<p>Podczas konferencji poruszony zosta\u0142 r\u00f3wnie\u017c temat pn. \u201eDob\u00f3r w\u0142a\u015bciwego buhaja fundamentem hodowli byd\u0142a mi\u0119snego\u201d, kt\u00f3ry zosta\u0142 przedstawiony przez\u00a0 dr Piotra W\u00f3jcika. Temat ten jest wa\u017cny dla gospodarstw, kt\u00f3re prowadz\u0105 hodowl\u0119 byd\u0142a, jako g\u0142\u00f3wny kierunek produkcji w gospodarstwie rolnym.<\/p>\n<p>Dzisiejszy dzie\u0144 by\u0142 d\u0142ugi, poniewa\u017c po konferencji uczestnicy wzi\u0119li udzia\u0142 w wizycie\u00a0\u00a0w gospodarstwie ekologicznym pa\u0144stwa Romany i Romana Iwickich z Lubiewa.<\/p>\n<p>Wizyta w temacie \u201eJak mo\u017cna wykorzysta\u0107 technologi\u0119 cyfrow\u0105 w gospodarstwie ekologicznym?\u201d obejmowa\u0142a pokaz sprz\u0119tu cyfrowego nowej generacji,\u00a0\u00a0kt\u00f3ry jest wykorzystywany w gospodarstwie w hodowli zwierz\u0105t, jak i w ekologicznej produkcji ro\u015blinnej. Podczas wizyty w gospodarstwie rolnicy ekologiczni Roman Iwicki oraz Bart\u0142omiej Piskorski zapoznali uczestnik\u00f3w z funkcjonalno\u015bci\u0105, wykorzystaniem \u00a0i skuteczno\u015bci\u0105 sprz\u0119tu cyfrowego w prowadzeniu gospodarstwa w systemie rolnictwa ekologicznego.<\/p>\n<p>Jest nam niezmiernie mi\u0142o, \u017ce dzisiejsze przedsi\u0119wzi\u0119cie cieszy\u0142o si\u0119 takim du\u017cym zainteresowaniem w\u015br\u00f3d rolnik\u00f3w naszego wojew\u00f3dztwa.<\/p>\n<div id=\"envira-gallery-wrap-1518\" class=\"envira-gallery-wrap envira-gallery-theme-base envira-lightbox-theme-base\" itemscope itemtype=\"https:\/\/schema.org\/ImageGallery\"><div data-row-height=\"150\" data-gallery-theme=\"normal\" id=\"envira-gallery-1518\" class=\"envira-gallery-public envira-gallery-justified-public envira-gallery-0-columns envira-clear enviratope envira-gallery-css-animations\" data-envira-columns=\"0\"><div id=\"envira-gallery-item-1519\" class=\"envira-gallery-item enviratope-item envira-gallery-item-1 envira-lazy-load\" style=\"padding-left: 5px; padding-bottom: 10px; padding-right: 5px;\"  itemscope itemtype=\"https:\/\/schema.org\/ImageObject\"><div class=\"envira-gallery-item-inner\"><div class=\"envira-gallery-position-overlay  envira-gallery-top-left\"><\/div><div class=\"envira-gallery-position-overlay  envira-gallery-top-right\"><\/div><div class=\"envira-gallery-position-overlay  envira-gallery-bottom-left\"><\/div><div class=\"envira-gallery-position-overlay  envira-gallery-bottom-right\"><\/div><a href=\"https:\/\/ekologia.kpodr.pl\/wp-content\/uploads\/2025\/06\/Forum-Rolnictwa-ekologicznego-1-1.jpg\" class=\"envira-gallery-1518 envira-gallery-link\" rel=\"enviragallery1518\" title=\"Forum-Rolnictwa-ekologicznego-1\" data-envira-caption=\"Forum-Rolnictwa-ekologicznego-1\" data-envira-retina=\"\" data-thumbnail=\"\"  itemprop=\"contentUrl\"><img decoding=\"async\" id=\"envira-gallery-image-1519\" class=\"envira-gallery-image envira-gallery-image-1 envira-normal envira-lazy\" data-envira-index=\"1\" src=\"https:\/\/ekologia.kpodr.pl\/wp-content\/uploads\/2025\/06\/Forum-Rolnictwa-ekologicznego-1-1-640x480.jpg\" data-envira-src=\"https:\/\/ekologia.kpodr.pl\/wp-content\/uploads\/2025\/06\/Forum-Rolnictwa-ekologicznego-1-1-640x480.jpg\" data-envira-gallery-id=\"1518\" data-envira-item-id=\"1519\" data-envira-caption=\"Forum-Rolnictwa-ekologicznego-1\" alt=\"\" title=\"Forum-Rolnictwa-ekologicznego-1\"  itemprop=\"thumbnailUrl\" data-envira-srcset=\"https:\/\/ekologia.kpodr.pl\/wp-content\/uploads\/2025\/06\/Forum-Rolnictwa-ekologicznego-1-1-640x480.jpg 400w,https:\/\/ekologia.kpodr.pl\/wp-content\/uploads\/2025\/06\/Forum-Rolnictwa-ekologicznego-1-1-640x480.jpg 2x\" data-envira-width=\"300\" data-envira-height=\"200\" srcset=\"data:image\/gif;base64,R0lGODlhAQABAIAAAP\/\/\/\/\/\/\/yH5BAEKAAEALAAAAAABAAEAAAICTAEAOw==\" data-safe-src=\"data:image\/gif;base64,R0lGODlhAQABAIAAAP\/\/\/\/\/\/\/yH5BAEKAAEALAAAAAABAAEAAAICTAEAOw==\" \/><\/a><\/div><\/div><div id=\"envira-gallery-item-1520\" class=\"envira-gallery-item enviratope-item envira-gallery-item-2 envira-lazy-load\" style=\"padding-left: 5px; padding-bottom: 10px; padding-right: 5px;\"  itemscope itemtype=\"https:\/\/schema.org\/ImageObject\"><div class=\"envira-gallery-item-inner\"><div class=\"envira-gallery-position-overlay  envira-gallery-top-left\"><\/div><div class=\"envira-gallery-position-overlay  envira-gallery-top-right\"><\/div><div class=\"envira-gallery-position-overlay  envira-gallery-bottom-left\"><\/div><div class=\"envira-gallery-position-overlay  envira-gallery-bottom-right\"><\/div><a href=\"https:\/\/ekologia.kpodr.pl\/wp-content\/uploads\/2025\/06\/Forum-Rolnictwa-ekologicznego-2-1.jpg\" class=\"envira-gallery-1518 envira-gallery-link\" rel=\"enviragallery1518\" title=\"Forum-Rolnictwa-ekologicznego-2\" data-envira-caption=\"Forum-Rolnictwa-ekologicznego-2\" data-envira-retina=\"\" data-thumbnail=\"\"  itemprop=\"contentUrl\"><img decoding=\"async\" id=\"envira-gallery-image-1520\" class=\"envira-gallery-image envira-gallery-image-2 envira-normal envira-lazy\" data-envira-index=\"2\" src=\"https:\/\/ekologia.kpodr.pl\/wp-content\/uploads\/2025\/06\/Forum-Rolnictwa-ekologicznego-2-1-640x480.jpg\" data-envira-src=\"https:\/\/ekologia.kpodr.pl\/wp-content\/uploads\/2025\/06\/Forum-Rolnictwa-ekologicznego-2-1-640x480.jpg\" data-envira-gallery-id=\"1518\" data-envira-item-id=\"1520\" data-envira-caption=\"Forum-Rolnictwa-ekologicznego-2\" alt=\"\" title=\"Forum-Rolnictwa-ekologicznego-2\"  itemprop=\"thumbnailUrl\" data-envira-srcset=\"https:\/\/ekologia.kpodr.pl\/wp-content\/uploads\/2025\/06\/Forum-Rolnictwa-ekologicznego-2-1-640x480.jpg 400w,https:\/\/ekologia.kpodr.pl\/wp-content\/uploads\/2025\/06\/Forum-Rolnictwa-ekologicznego-2-1-640x480.jpg 2x\" data-envira-width=\"300\" data-envira-height=\"200\" srcset=\"data:image\/gif;base64,R0lGODlhAQABAIAAAP\/\/\/\/\/\/\/yH5BAEKAAEALAAAAAABAAEAAAICTAEAOw==\" data-safe-src=\"data:image\/gif;base64,R0lGODlhAQABAIAAAP\/\/\/\/\/\/\/yH5BAEKAAEALAAAAAABAAEAAAICTAEAOw==\" \/><\/a><\/div><\/div><div id=\"envira-gallery-item-1521\" class=\"envira-gallery-item enviratope-item envira-gallery-item-3 envira-lazy-load\" style=\"padding-left: 5px; padding-bottom: 10px; padding-right: 5px;\"  itemscope itemtype=\"https:\/\/schema.org\/ImageObject\"><div class=\"envira-gallery-item-inner\"><div class=\"envira-gallery-position-overlay  envira-gallery-top-left\"><\/div><div class=\"envira-gallery-position-overlay  envira-gallery-top-right\"><\/div><div class=\"envira-gallery-position-overlay  envira-gallery-bottom-left\"><\/div><div class=\"envira-gallery-position-overlay  envira-gallery-bottom-right\"><\/div><a href=\"https:\/\/ekologia.kpodr.pl\/wp-content\/uploads\/2025\/06\/Forum-Rolnictwa-ekologicznego-3-1.jpg\" class=\"envira-gallery-1518 envira-gallery-link\" rel=\"enviragallery1518\" title=\"Forum-Rolnictwa-ekologicznego-3\" data-envira-caption=\"Forum-Rolnictwa-ekologicznego-3\" data-envira-retina=\"\" data-thumbnail=\"\"  itemprop=\"contentUrl\"><img decoding=\"async\" id=\"envira-gallery-image-1521\" class=\"envira-gallery-image envira-gallery-image-3 envira-normal envira-lazy\" data-envira-index=\"3\" src=\"https:\/\/ekologia.kpodr.pl\/wp-content\/uploads\/2025\/06\/Forum-Rolnictwa-ekologicznego-3-1-640x480.jpg\" data-envira-src=\"https:\/\/ekologia.kpodr.pl\/wp-content\/uploads\/2025\/06\/Forum-Rolnictwa-ekologicznego-3-1-640x480.jpg\" data-envira-gallery-id=\"1518\" data-envira-item-id=\"1521\" data-envira-caption=\"Forum-Rolnictwa-ekologicznego-3\" alt=\"\" title=\"Forum-Rolnictwa-ekologicznego-3\"  itemprop=\"thumbnailUrl\" data-envira-srcset=\"https:\/\/ekologia.kpodr.pl\/wp-content\/uploads\/2025\/06\/Forum-Rolnictwa-ekologicznego-3-1-640x480.jpg 400w,https:\/\/ekologia.kpodr.pl\/wp-content\/uploads\/2025\/06\/Forum-Rolnictwa-ekologicznego-3-1-640x480.jpg 2x\" data-envira-width=\"200\" data-envira-height=\"300\" srcset=\"data:image\/gif;base64,R0lGODlhAQABAIAAAP\/\/\/\/\/\/\/yH5BAEKAAEALAAAAAABAAEAAAICTAEAOw==\" data-safe-src=\"data:image\/gif;base64,R0lGODlhAQABAIAAAP\/\/\/\/\/\/\/yH5BAEKAAEALAAAAAABAAEAAAICTAEAOw==\" \/><\/a><\/div><\/div><div id=\"envira-gallery-item-1522\" class=\"envira-gallery-item enviratope-item envira-gallery-item-4 envira-lazy-load\" style=\"padding-left: 5px; padding-bottom: 10px; padding-right: 5px;\"  itemscope itemtype=\"https:\/\/schema.org\/ImageObject\"><div class=\"envira-gallery-item-inner\"><div class=\"envira-gallery-position-overlay  envira-gallery-top-left\"><\/div><div class=\"envira-gallery-position-overlay  envira-gallery-top-right\"><\/div><div class=\"envira-gallery-position-overlay  envira-gallery-bottom-left\"><\/div><div class=\"envira-gallery-position-overlay  envira-gallery-bottom-right\"><\/div><a href=\"https:\/\/ekologia.kpodr.pl\/wp-content\/uploads\/2025\/06\/Forum-Rolnictwa-ekologicznego-4-1.jpg\" class=\"envira-gallery-1518 envira-gallery-link\" rel=\"enviragallery1518\" title=\"Forum-Rolnictwa-ekologicznego-4\" data-envira-caption=\"Forum-Rolnictwa-ekologicznego-4\" data-envira-retina=\"\" data-thumbnail=\"\"  itemprop=\"contentUrl\"><img decoding=\"async\" id=\"envira-gallery-image-1522\" class=\"envira-gallery-image envira-gallery-image-4 envira-normal envira-lazy\" data-envira-index=\"4\" src=\"https:\/\/ekologia.kpodr.pl\/wp-content\/uploads\/2025\/06\/Forum-Rolnictwa-ekologicznego-4-1-640x480.jpg\" data-envira-src=\"https:\/\/ekologia.kpodr.pl\/wp-content\/uploads\/2025\/06\/Forum-Rolnictwa-ekologicznego-4-1-640x480.jpg\" data-envira-gallery-id=\"1518\" data-envira-item-id=\"1522\" data-envira-caption=\"Forum-Rolnictwa-ekologicznego-4\" alt=\"\" title=\"Forum-Rolnictwa-ekologicznego-4\"  itemprop=\"thumbnailUrl\" data-envira-srcset=\"https:\/\/ekologia.kpodr.pl\/wp-content\/uploads\/2025\/06\/Forum-Rolnictwa-ekologicznego-4-1-640x480.jpg 400w,https:\/\/ekologia.kpodr.pl\/wp-content\/uploads\/2025\/06\/Forum-Rolnictwa-ekologicznego-4-1-640x480.jpg 2x\" data-envira-width=\"300\" data-envira-height=\"200\" srcset=\"data:image\/gif;base64,R0lGODlhAQABAIAAAP\/\/\/\/\/\/\/yH5BAEKAAEALAAAAAABAAEAAAICTAEAOw==\" data-safe-src=\"data:image\/gif;base64,R0lGODlhAQABAIAAAP\/\/\/\/\/\/\/yH5BAEKAAEALAAAAAABAAEAAAICTAEAOw==\" \/><\/a><\/div><\/div><div id=\"envira-gallery-item-1523\" class=\"envira-gallery-item enviratope-item envira-gallery-item-5 envira-lazy-load\" style=\"padding-left: 5px; padding-bottom: 10px; padding-right: 5px;\"  itemscope itemtype=\"https:\/\/schema.org\/ImageObject\"><div class=\"envira-gallery-item-inner\"><div class=\"envira-gallery-position-overlay  envira-gallery-top-left\"><\/div><div class=\"envira-gallery-position-overlay  envira-gallery-top-right\"><\/div><div class=\"envira-gallery-position-overlay  envira-gallery-bottom-left\"><\/div><div class=\"envira-gallery-position-overlay  envira-gallery-bottom-right\"><\/div><a href=\"https:\/\/ekologia.kpodr.pl\/wp-content\/uploads\/2025\/06\/Forum-Rolnictwa-ekologicznego-5-1.jpg\" class=\"envira-gallery-1518 envira-gallery-link\" rel=\"enviragallery1518\" title=\"Forum-Rolnictwa-ekologicznego-5\" data-envira-caption=\"Forum-Rolnictwa-ekologicznego-5\" data-envira-retina=\"\" data-thumbnail=\"\"  itemprop=\"contentUrl\"><img decoding=\"async\" id=\"envira-gallery-image-1523\" class=\"envira-gallery-image envira-gallery-image-5 envira-normal envira-lazy\" data-envira-index=\"5\" src=\"https:\/\/ekologia.kpodr.pl\/wp-content\/uploads\/2025\/06\/Forum-Rolnictwa-ekologicznego-5-1-640x480.jpg\" data-envira-src=\"https:\/\/ekologia.kpodr.pl\/wp-content\/uploads\/2025\/06\/Forum-Rolnictwa-ekologicznego-5-1-640x480.jpg\" data-envira-gallery-id=\"1518\" data-envira-item-id=\"1523\" data-envira-caption=\"Forum-Rolnictwa-ekologicznego-5\" alt=\"\" title=\"Forum-Rolnictwa-ekologicznego-5\"  itemprop=\"thumbnailUrl\" data-envira-srcset=\"https:\/\/ekologia.kpodr.pl\/wp-content\/uploads\/2025\/06\/Forum-Rolnictwa-ekologicznego-5-1-640x480.jpg 400w,https:\/\/ekologia.kpodr.pl\/wp-content\/uploads\/2025\/06\/Forum-Rolnictwa-ekologicznego-5-1-640x480.jpg 2x\" data-envira-width=\"300\" data-envira-height=\"200\" srcset=\"data:image\/gif;base64,R0lGODlhAQABAIAAAP\/\/\/\/\/\/\/yH5BAEKAAEALAAAAAABAAEAAAICTAEAOw==\" data-safe-src=\"data:image\/gif;base64,R0lGODlhAQABAIAAAP\/\/\/\/\/\/\/yH5BAEKAAEALAAAAAABAAEAAAICTAEAOw==\" \/><\/a><\/div><\/div><div id=\"envira-gallery-item-1524\" class=\"envira-gallery-item enviratope-item envira-gallery-item-6 envira-lazy-load\" style=\"padding-left: 5px; padding-bottom: 10px; padding-right: 5px;\"  itemscope itemtype=\"https:\/\/schema.org\/ImageObject\"><div class=\"envira-gallery-item-inner\"><div class=\"envira-gallery-position-overlay  envira-gallery-top-left\"><\/div><div class=\"envira-gallery-position-overlay  envira-gallery-top-right\"><\/div><div class=\"envira-gallery-position-overlay  envira-gallery-bottom-left\"><\/div><div class=\"envira-gallery-position-overlay  envira-gallery-bottom-right\"><\/div><a href=\"https:\/\/ekologia.kpodr.pl\/wp-content\/uploads\/2025\/06\/Forum-Rolnictwa-ekologicznego-6-1.jpg\" class=\"envira-gallery-1518 envira-gallery-link\" rel=\"enviragallery1518\" title=\"Forum-Rolnictwa-ekologicznego-6\" data-envira-caption=\"Forum-Rolnictwa-ekologicznego-6\" data-envira-retina=\"\" data-thumbnail=\"\"  itemprop=\"contentUrl\"><img decoding=\"async\" id=\"envira-gallery-image-1524\" class=\"envira-gallery-image envira-gallery-image-6 envira-normal envira-lazy\" data-envira-index=\"6\" src=\"https:\/\/ekologia.kpodr.pl\/wp-content\/uploads\/2025\/06\/Forum-Rolnictwa-ekologicznego-6-1-640x480.jpg\" data-envira-src=\"https:\/\/ekologia.kpodr.pl\/wp-content\/uploads\/2025\/06\/Forum-Rolnictwa-ekologicznego-6-1-640x480.jpg\" data-envira-gallery-id=\"1518\" data-envira-item-id=\"1524\" data-envira-caption=\"Forum-Rolnictwa-ekologicznego-6\" alt=\"\" title=\"Forum-Rolnictwa-ekologicznego-6\"  itemprop=\"thumbnailUrl\" data-envira-srcset=\"https:\/\/ekologia.kpodr.pl\/wp-content\/uploads\/2025\/06\/Forum-Rolnictwa-ekologicznego-6-1-640x480.jpg 400w,https:\/\/ekologia.kpodr.pl\/wp-content\/uploads\/2025\/06\/Forum-Rolnictwa-ekologicznego-6-1-640x480.jpg 2x\" data-envira-width=\"300\" data-envira-height=\"200\" srcset=\"data:image\/gif;base64,R0lGODlhAQABAIAAAP\/\/\/\/\/\/\/yH5BAEKAAEALAAAAAABAAEAAAICTAEAOw==\" data-safe-src=\"data:image\/gif;base64,R0lGODlhAQABAIAAAP\/\/\/\/\/\/\/yH5BAEKAAEALAAAAAABAAEAAAICTAEAOw==\" \/><\/a><\/div><\/div><div id=\"envira-gallery-item-1525\" class=\"envira-gallery-item enviratope-item envira-gallery-item-7 envira-lazy-load\" style=\"padding-left: 5px; padding-bottom: 10px; padding-right: 5px;\"  itemscope itemtype=\"https:\/\/schema.org\/ImageObject\"><div class=\"envira-gallery-item-inner\"><div class=\"envira-gallery-position-overlay  envira-gallery-top-left\"><\/div><div class=\"envira-gallery-position-overlay  envira-gallery-top-right\"><\/div><div class=\"envira-gallery-position-overlay  envira-gallery-bottom-left\"><\/div><div class=\"envira-gallery-position-overlay  envira-gallery-bottom-right\"><\/div><a href=\"https:\/\/ekologia.kpodr.pl\/wp-content\/uploads\/2025\/06\/Forum-Rolnictwa-ekologicznego-7-1.jpg\" class=\"envira-gallery-1518 envira-gallery-link\" rel=\"enviragallery1518\" title=\"Forum-Rolnictwa-ekologicznego-7\" data-envira-caption=\"Forum-Rolnictwa-ekologicznego-7\" data-envira-retina=\"\" data-thumbnail=\"\"  itemprop=\"contentUrl\"><img decoding=\"async\" id=\"envira-gallery-image-1525\" class=\"envira-gallery-image envira-gallery-image-7 envira-normal envira-lazy\" data-envira-index=\"7\" src=\"https:\/\/ekologia.kpodr.pl\/wp-content\/uploads\/2025\/06\/Forum-Rolnictwa-ekologicznego-7-1-640x480.jpg\" data-envira-src=\"https:\/\/ekologia.kpodr.pl\/wp-content\/uploads\/2025\/06\/Forum-Rolnictwa-ekologicznego-7-1-640x480.jpg\" data-envira-gallery-id=\"1518\" data-envira-item-id=\"1525\" data-envira-caption=\"Forum-Rolnictwa-ekologicznego-7\" alt=\"\" title=\"Forum-Rolnictwa-ekologicznego-7\"  itemprop=\"thumbnailUrl\" data-envira-srcset=\"https:\/\/ekologia.kpodr.pl\/wp-content\/uploads\/2025\/06\/Forum-Rolnictwa-ekologicznego-7-1-640x480.jpg 400w,https:\/\/ekologia.kpodr.pl\/wp-content\/uploads\/2025\/06\/Forum-Rolnictwa-ekologicznego-7-1-640x480.jpg 2x\" data-envira-width=\"300\" data-envira-height=\"200\" srcset=\"data:image\/gif;base64,R0lGODlhAQABAIAAAP\/\/\/\/\/\/\/yH5BAEKAAEALAAAAAABAAEAAAICTAEAOw==\" data-safe-src=\"data:image\/gif;base64,R0lGODlhAQABAIAAAP\/\/\/\/\/\/\/yH5BAEKAAEALAAAAAABAAEAAAICTAEAOw==\" \/><\/a><\/div><\/div><div id=\"envira-gallery-item-1526\" class=\"envira-gallery-item enviratope-item envira-gallery-item-8 envira-lazy-load\" style=\"padding-left: 5px; padding-bottom: 10px; padding-right: 5px;\"  itemscope itemtype=\"https:\/\/schema.org\/ImageObject\"><div class=\"envira-gallery-item-inner\"><div class=\"envira-gallery-position-overlay  envira-gallery-top-left\"><\/div><div class=\"envira-gallery-position-overlay  envira-gallery-top-right\"><\/div><div class=\"envira-gallery-position-overlay  envira-gallery-bottom-left\"><\/div><div class=\"envira-gallery-position-overlay  envira-gallery-bottom-right\"><\/div><a href=\"https:\/\/ekologia.kpodr.pl\/wp-content\/uploads\/2025\/06\/Forum-Rolnictwa-Ekologicznego-na-sali-plenarnej.jpg\" class=\"envira-gallery-1518 envira-gallery-link\" rel=\"enviragallery1518\" title=\"Forum-Rolnictwa-Ekologicznego-na-sali-plenarnej\" data-envira-caption=\"Forum-Rolnictwa-Ekologicznego-na-sali-plenarnej\" data-envira-retina=\"\" data-thumbnail=\"\"  itemprop=\"contentUrl\"><img decoding=\"async\" id=\"envira-gallery-image-1526\" class=\"envira-gallery-image envira-gallery-image-8 envira-normal envira-lazy\" data-envira-index=\"8\" src=\"https:\/\/ekologia.kpodr.pl\/wp-content\/uploads\/2025\/06\/Forum-Rolnictwa-Ekologicznego-na-sali-plenarnej-640x480.jpg\" data-envira-src=\"https:\/\/ekologia.kpodr.pl\/wp-content\/uploads\/2025\/06\/Forum-Rolnictwa-Ekologicznego-na-sali-plenarnej-640x480.jpg\" data-envira-gallery-id=\"1518\" data-envira-item-id=\"1526\" data-envira-caption=\"Forum-Rolnictwa-Ekologicznego-na-sali-plenarnej\" alt=\"\" title=\"Forum-Rolnictwa-Ekologicznego-na-sali-plenarnej\"  itemprop=\"thumbnailUrl\" data-envira-srcset=\"https:\/\/ekologia.kpodr.pl\/wp-content\/uploads\/2025\/06\/Forum-Rolnictwa-Ekologicznego-na-sali-plenarnej-640x480.jpg 400w,https:\/\/ekologia.kpodr.pl\/wp-content\/uploads\/2025\/06\/Forum-Rolnictwa-Ekologicznego-na-sali-plenarnej-640x480.jpg 2x\" data-envira-width=\"300\" data-envira-height=\"169\" srcset=\"data:image\/gif;base64,R0lGODlhAQABAIAAAP\/\/\/\/\/\/\/yH5BAEKAAEALAAAAAABAAEAAAICTAEAOw==\" data-safe-src=\"data:image\/gif;base64,R0lGODlhAQABAIAAAP\/\/\/\/\/\/\/yH5BAEKAAEALAAAAAABAAEAAAICTAEAOw==\" \/><\/a><\/div><\/div><div id=\"envira-gallery-item-1527\" class=\"envira-gallery-item enviratope-item envira-gallery-item-9 envira-lazy-load\" style=\"padding-left: 5px; padding-bottom: 10px; padding-right: 5px;\"  itemscope itemtype=\"https:\/\/schema.org\/ImageObject\"><div class=\"envira-gallery-item-inner\"><div class=\"envira-gallery-position-overlay  envira-gallery-top-left\"><\/div><div class=\"envira-gallery-position-overlay  envira-gallery-top-right\"><\/div><div class=\"envira-gallery-position-overlay  envira-gallery-bottom-left\"><\/div><div class=\"envira-gallery-position-overlay  envira-gallery-bottom-right\"><\/div><a href=\"https:\/\/ekologia.kpodr.pl\/wp-content\/uploads\/2025\/06\/Forum-Rolnictwa-Ekologicznego-wszyscy-uczestnicy.jpg\" class=\"envira-gallery-1518 envira-gallery-link\" rel=\"enviragallery1518\" title=\"Forum-Rolnictwa-Ekologicznego-wszyscy-uczestnicy\" data-envira-caption=\"Forum-Rolnictwa-Ekologicznego-wszyscy-uczestnicy\" data-envira-retina=\"\" data-thumbnail=\"\"  itemprop=\"contentUrl\"><img decoding=\"async\" id=\"envira-gallery-image-1527\" class=\"envira-gallery-image envira-gallery-image-9 envira-normal envira-lazy\" data-envira-index=\"9\" src=\"https:\/\/ekologia.kpodr.pl\/wp-content\/uploads\/2025\/06\/Forum-Rolnictwa-Ekologicznego-wszyscy-uczestnicy-640x480.jpg\" data-envira-src=\"https:\/\/ekologia.kpodr.pl\/wp-content\/uploads\/2025\/06\/Forum-Rolnictwa-Ekologicznego-wszyscy-uczestnicy-640x480.jpg\" data-envira-gallery-id=\"1518\" data-envira-item-id=\"1527\" data-envira-caption=\"Forum-Rolnictwa-Ekologicznego-wszyscy-uczestnicy\" alt=\"\" title=\"Forum-Rolnictwa-Ekologicznego-wszyscy-uczestnicy\"  itemprop=\"thumbnailUrl\" data-envira-srcset=\"https:\/\/ekologia.kpodr.pl\/wp-content\/uploads\/2025\/06\/Forum-Rolnictwa-Ekologicznego-wszyscy-uczestnicy-640x480.jpg 400w,https:\/\/ekologia.kpodr.pl\/wp-content\/uploads\/2025\/06\/Forum-Rolnictwa-Ekologicznego-wszyscy-uczestnicy-640x480.jpg 2x\" data-envira-width=\"300\" data-envira-height=\"169\" srcset=\"data:image\/gif;base64,R0lGODlhAQABAIAAAP\/\/\/\/\/\/\/yH5BAEKAAEALAAAAAABAAEAAAICTAEAOw==\" data-safe-src=\"data:image\/gif;base64,R0lGODlhAQABAIAAAP\/\/\/\/\/\/\/yH5BAEKAAEALAAAAAABAAEAAAICTAEAOw==\" \/><\/a><\/div><\/div><div id=\"envira-gallery-item-1528\" class=\"envira-gallery-item enviratope-item envira-gallery-item-10 envira-lazy-load\" style=\"padding-left: 5px; padding-bottom: 10px; padding-right: 5px;\"  itemscope itemtype=\"https:\/\/schema.org\/ImageObject\"><div class=\"envira-gallery-item-inner\"><div class=\"envira-gallery-position-overlay  envira-gallery-top-left\"><\/div><div class=\"envira-gallery-position-overlay  envira-gallery-top-right\"><\/div><div class=\"envira-gallery-position-overlay  envira-gallery-bottom-left\"><\/div><div class=\"envira-gallery-position-overlay  envira-gallery-bottom-right\"><\/div><a href=\"https:\/\/ekologia.kpodr.pl\/wp-content\/uploads\/2025\/06\/Wizyta-w-gospodarstwie-ekologicznym-Romana-Iwickiego-1-1.jpg\" class=\"envira-gallery-1518 envira-gallery-link\" rel=\"enviragallery1518\" title=\"Wizyta-w-gospodarstwie-ekologicznym-Romana-Iwickiego-1\" data-envira-caption=\"Wizyta-w-gospodarstwie-ekologicznym-Romana-Iwickiego-1\" data-envira-retina=\"\" data-thumbnail=\"\"  itemprop=\"contentUrl\"><img decoding=\"async\" id=\"envira-gallery-image-1528\" class=\"envira-gallery-image envira-gallery-image-10 envira-normal envira-lazy\" data-envira-index=\"10\" src=\"https:\/\/ekologia.kpodr.pl\/wp-content\/uploads\/2025\/06\/Wizyta-w-gospodarstwie-ekologicznym-Romana-Iwickiego-1-1-640x480.jpg\" data-envira-src=\"https:\/\/ekologia.kpodr.pl\/wp-content\/uploads\/2025\/06\/Wizyta-w-gospodarstwie-ekologicznym-Romana-Iwickiego-1-1-640x480.jpg\" data-envira-gallery-id=\"1518\" data-envira-item-id=\"1528\" data-envira-caption=\"Wizyta-w-gospodarstwie-ekologicznym-Romana-Iwickiego-1\" alt=\"\" title=\"Wizyta-w-gospodarstwie-ekologicznym-Romana-Iwickiego-1\"  itemprop=\"thumbnailUrl\" data-envira-srcset=\"https:\/\/ekologia.kpodr.pl\/wp-content\/uploads\/2025\/06\/Wizyta-w-gospodarstwie-ekologicznym-Romana-Iwickiego-1-1-640x480.jpg 400w,https:\/\/ekologia.kpodr.pl\/wp-content\/uploads\/2025\/06\/Wizyta-w-gospodarstwie-ekologicznym-Romana-Iwickiego-1-1-640x480.jpg 2x\" data-envira-width=\"300\" data-envira-height=\"200\" srcset=\"data:image\/gif;base64,R0lGODlhAQABAIAAAP\/\/\/\/\/\/\/yH5BAEKAAEALAAAAAABAAEAAAICTAEAOw==\" data-safe-src=\"data:image\/gif;base64,R0lGODlhAQABAIAAAP\/\/\/\/\/\/\/yH5BAEKAAEALAAAAAABAAEAAAICTAEAOw==\" \/><\/a><\/div><\/div><div id=\"envira-gallery-item-1529\" class=\"envira-gallery-item enviratope-item envira-gallery-item-11 envira-lazy-load\" style=\"padding-left: 5px; padding-bottom: 10px; padding-right: 5px;\"  itemscope itemtype=\"https:\/\/schema.org\/ImageObject\"><div class=\"envira-gallery-item-inner\"><div class=\"envira-gallery-position-overlay  envira-gallery-top-left\"><\/div><div class=\"envira-gallery-position-overlay  envira-gallery-top-right\"><\/div><div class=\"envira-gallery-position-overlay  envira-gallery-bottom-left\"><\/div><div class=\"envira-gallery-position-overlay  envira-gallery-bottom-right\"><\/div><a href=\"https:\/\/ekologia.kpodr.pl\/wp-content\/uploads\/2025\/06\/Wizyta-w-gospodarstwie-ekologicznym-Romana-Iwickiego-2-1.jpg\" class=\"envira-gallery-1518 envira-gallery-link\" rel=\"enviragallery1518\" title=\"Wizyta-w-gospodarstwie-ekologicznym-Romana-Iwickiego-2\" data-envira-caption=\"Wizyta-w-gospodarstwie-ekologicznym-Romana-Iwickiego-2\" data-envira-retina=\"\" data-thumbnail=\"\"  itemprop=\"contentUrl\"><img decoding=\"async\" id=\"envira-gallery-image-1529\" class=\"envira-gallery-image envira-gallery-image-11 envira-normal envira-lazy\" data-envira-index=\"11\" src=\"https:\/\/ekologia.kpodr.pl\/wp-content\/uploads\/2025\/06\/Wizyta-w-gospodarstwie-ekologicznym-Romana-Iwickiego-2-1-640x480.jpg\" data-envira-src=\"https:\/\/ekologia.kpodr.pl\/wp-content\/uploads\/2025\/06\/Wizyta-w-gospodarstwie-ekologicznym-Romana-Iwickiego-2-1-640x480.jpg\" data-envira-gallery-id=\"1518\" data-envira-item-id=\"1529\" data-envira-caption=\"Wizyta-w-gospodarstwie-ekologicznym-Romana-Iwickiego-2\" alt=\"\" title=\"Wizyta-w-gospodarstwie-ekologicznym-Romana-Iwickiego-2\"  itemprop=\"thumbnailUrl\" data-envira-srcset=\"https:\/\/ekologia.kpodr.pl\/wp-content\/uploads\/2025\/06\/Wizyta-w-gospodarstwie-ekologicznym-Romana-Iwickiego-2-1-640x480.jpg 400w,https:\/\/ekologia.kpodr.pl\/wp-content\/uploads\/2025\/06\/Wizyta-w-gospodarstwie-ekologicznym-Romana-Iwickiego-2-1-640x480.jpg 2x\" data-envira-width=\"300\" data-envira-height=\"200\" srcset=\"data:image\/gif;base64,R0lGODlhAQABAIAAAP\/\/\/\/\/\/\/yH5BAEKAAEALAAAAAABAAEAAAICTAEAOw==\" data-safe-src=\"data:image\/gif;base64,R0lGODlhAQABAIAAAP\/\/\/\/\/\/\/yH5BAEKAAEALAAAAAABAAEAAAICTAEAOw==\" \/><\/a><\/div><\/div><div id=\"envira-gallery-item-1530\" class=\"envira-gallery-item enviratope-item envira-gallery-item-12 envira-lazy-load\" style=\"padding-left: 5px; padding-bottom: 10px; padding-right: 5px;\"  itemscope itemtype=\"https:\/\/schema.org\/ImageObject\"><div class=\"envira-gallery-item-inner\"><div class=\"envira-gallery-position-overlay  envira-gallery-top-left\"><\/div><div class=\"envira-gallery-position-overlay  envira-gallery-top-right\"><\/div><div class=\"envira-gallery-position-overlay  envira-gallery-bottom-left\"><\/div><div class=\"envira-gallery-position-overlay  envira-gallery-bottom-right\"><\/div><a href=\"https:\/\/ekologia.kpodr.pl\/wp-content\/uploads\/2025\/06\/Wizyta-w-gospodarstwie-ekologicznym-Romana-Iwickiego-3-1.jpg\" class=\"envira-gallery-1518 envira-gallery-link\" rel=\"enviragallery1518\" title=\"Wizyta-w-gospodarstwie-ekologicznym-Romana-Iwickiego-3\" data-envira-caption=\"Wizyta-w-gospodarstwie-ekologicznym-Romana-Iwickiego-3\" data-envira-retina=\"\" data-thumbnail=\"\"  itemprop=\"contentUrl\"><img decoding=\"async\" id=\"envira-gallery-image-1530\" class=\"envira-gallery-image envira-gallery-image-12 envira-normal envira-lazy\" data-envira-index=\"12\" src=\"https:\/\/ekologia.kpodr.pl\/wp-content\/uploads\/2025\/06\/Wizyta-w-gospodarstwie-ekologicznym-Romana-Iwickiego-3-1-640x480.jpg\" data-envira-src=\"https:\/\/ekologia.kpodr.pl\/wp-content\/uploads\/2025\/06\/Wizyta-w-gospodarstwie-ekologicznym-Romana-Iwickiego-3-1-640x480.jpg\" data-envira-gallery-id=\"1518\" data-envira-item-id=\"1530\" data-envira-caption=\"Wizyta-w-gospodarstwie-ekologicznym-Romana-Iwickiego-3\" alt=\"\" title=\"Wizyta-w-gospodarstwie-ekologicznym-Romana-Iwickiego-3\"  itemprop=\"thumbnailUrl\" data-envira-srcset=\"https:\/\/ekologia.kpodr.pl\/wp-content\/uploads\/2025\/06\/Wizyta-w-gospodarstwie-ekologicznym-Romana-Iwickiego-3-1-640x480.jpg 400w,https:\/\/ekologia.kpodr.pl\/wp-content\/uploads\/2025\/06\/Wizyta-w-gospodarstwie-ekologicznym-Romana-Iwickiego-3-1-640x480.jpg 2x\" data-envira-width=\"300\" data-envira-height=\"200\" srcset=\"data:image\/gif;base64,R0lGODlhAQABAIAAAP\/\/\/\/\/\/\/yH5BAEKAAEALAAAAAABAAEAAAICTAEAOw==\" data-safe-src=\"data:image\/gif;base64,R0lGODlhAQABAIAAAP\/\/\/\/\/\/\/yH5BAEKAAEALAAAAAABAAEAAAICTAEAOw==\" \/><\/a><\/div><\/div><div id=\"envira-gallery-item-1531\" class=\"envira-gallery-item enviratope-item envira-gallery-item-13 envira-lazy-load\" style=\"padding-left: 5px; padding-bottom: 10px; padding-right: 5px;\"  itemscope itemtype=\"https:\/\/schema.org\/ImageObject\"><div class=\"envira-gallery-item-inner\"><div class=\"envira-gallery-position-overlay  envira-gallery-top-left\"><\/div><div class=\"envira-gallery-position-overlay  envira-gallery-top-right\"><\/div><div class=\"envira-gallery-position-overlay  envira-gallery-bottom-left\"><\/div><div class=\"envira-gallery-position-overlay  envira-gallery-bottom-right\"><\/div><a href=\"https:\/\/ekologia.kpodr.pl\/wp-content\/uploads\/2025\/06\/Wizyta-w-gospodarstwie-ekologicznym-Romana-Iwickiego-4-2.jpg\" class=\"envira-gallery-1518 envira-gallery-link\" rel=\"enviragallery1518\" title=\"Wizyta-w-gospodarstwie-ekologicznym-Romana-Iwickiego-4\" data-envira-caption=\"Wizyta-w-gospodarstwie-ekologicznym-Romana-Iwickiego-4\" data-envira-retina=\"\" data-thumbnail=\"\"  itemprop=\"contentUrl\"><img decoding=\"async\" id=\"envira-gallery-image-1531\" class=\"envira-gallery-image envira-gallery-image-13 envira-normal envira-lazy\" data-envira-index=\"13\" src=\"https:\/\/ekologia.kpodr.pl\/wp-content\/uploads\/2025\/06\/Wizyta-w-gospodarstwie-ekologicznym-Romana-Iwickiego-4-2-640x480.jpg\" data-envira-src=\"https:\/\/ekologia.kpodr.pl\/wp-content\/uploads\/2025\/06\/Wizyta-w-gospodarstwie-ekologicznym-Romana-Iwickiego-4-2-640x480.jpg\" data-envira-gallery-id=\"1518\" data-envira-item-id=\"1531\" data-envira-caption=\"Wizyta-w-gospodarstwie-ekologicznym-Romana-Iwickiego-4\" alt=\"\" title=\"Wizyta-w-gospodarstwie-ekologicznym-Romana-Iwickiego-4\"  itemprop=\"thumbnailUrl\" data-envira-srcset=\"https:\/\/ekologia.kpodr.pl\/wp-content\/uploads\/2025\/06\/Wizyta-w-gospodarstwie-ekologicznym-Romana-Iwickiego-4-2-640x480.jpg 400w,https:\/\/ekologia.kpodr.pl\/wp-content\/uploads\/2025\/06\/Wizyta-w-gospodarstwie-ekologicznym-Romana-Iwickiego-4-2-640x480.jpg 2x\" data-envira-width=\"300\" data-envira-height=\"200\" srcset=\"data:image\/gif;base64,R0lGODlhAQABAIAAAP\/\/\/\/\/\/\/yH5BAEKAAEALAAAAAABAAEAAAICTAEAOw==\" data-safe-src=\"data:image\/gif;base64,R0lGODlhAQABAIAAAP\/\/\/\/\/\/\/yH5BAEKAAEALAAAAAABAAEAAAICTAEAOw==\" \/><\/a><\/div><\/div><div id=\"envira-gallery-item-1532\" class=\"envira-gallery-item enviratope-item envira-gallery-item-14 envira-lazy-load\" style=\"padding-left: 5px; padding-bottom: 10px; padding-right: 5px;\"  itemscope itemtype=\"https:\/\/schema.org\/ImageObject\"><div class=\"envira-gallery-item-inner\"><div class=\"envira-gallery-position-overlay  envira-gallery-top-left\"><\/div><div class=\"envira-gallery-position-overlay  envira-gallery-top-right\"><\/div><div class=\"envira-gallery-position-overlay  envira-gallery-bottom-left\"><\/div><div class=\"envira-gallery-position-overlay  envira-gallery-bottom-right\"><\/div><a href=\"https:\/\/ekologia.kpodr.pl\/wp-content\/uploads\/2025\/06\/Wizyta-w-gospodarstwie-ekologicznym-Romana-Iwickiego-5-1.jpg\" class=\"envira-gallery-1518 envira-gallery-link\" rel=\"enviragallery1518\" title=\"Wizyta-w-gospodarstwie-ekologicznym-Romana-Iwickiego-5\" data-envira-caption=\"Wizyta-w-gospodarstwie-ekologicznym-Romana-Iwickiego-5\" data-envira-retina=\"\" data-thumbnail=\"\"  itemprop=\"contentUrl\"><img decoding=\"async\" id=\"envira-gallery-image-1532\" class=\"envira-gallery-image envira-gallery-image-14 envira-normal envira-lazy\" data-envira-index=\"14\" src=\"https:\/\/ekologia.kpodr.pl\/wp-content\/uploads\/2025\/06\/Wizyta-w-gospodarstwie-ekologicznym-Romana-Iwickiego-5-1-640x480.jpg\" data-envira-src=\"https:\/\/ekologia.kpodr.pl\/wp-content\/uploads\/2025\/06\/Wizyta-w-gospodarstwie-ekologicznym-Romana-Iwickiego-5-1-640x480.jpg\" data-envira-gallery-id=\"1518\" data-envira-item-id=\"1532\" data-envira-caption=\"Wizyta-w-gospodarstwie-ekologicznym-Romana-Iwickiego-5\" alt=\"\" title=\"Wizyta-w-gospodarstwie-ekologicznym-Romana-Iwickiego-5\"  itemprop=\"thumbnailUrl\" data-envira-srcset=\"https:\/\/ekologia.kpodr.pl\/wp-content\/uploads\/2025\/06\/Wizyta-w-gospodarstwie-ekologicznym-Romana-Iwickiego-5-1-640x480.jpg 400w,https:\/\/ekologia.kpodr.pl\/wp-content\/uploads\/2025\/06\/Wizyta-w-gospodarstwie-ekologicznym-Romana-Iwickiego-5-1-640x480.jpg 2x\" data-envira-width=\"300\" data-envira-height=\"200\" srcset=\"data:image\/gif;base64,R0lGODlhAQABAIAAAP\/\/\/\/\/\/\/yH5BAEKAAEALAAAAAABAAEAAAICTAEAOw==\" data-safe-src=\"data:image\/gif;base64,R0lGODlhAQABAIAAAP\/\/\/\/\/\/\/yH5BAEKAAEALAAAAAABAAEAAAICTAEAOw==\" \/><\/a><\/div><\/div><div id=\"envira-gallery-item-1533\" class=\"envira-gallery-item enviratope-item envira-gallery-item-15 envira-lazy-load\" style=\"padding-left: 5px; padding-bottom: 10px; padding-right: 5px;\"  itemscope itemtype=\"https:\/\/schema.org\/ImageObject\"><div class=\"envira-gallery-item-inner\"><div class=\"envira-gallery-position-overlay  envira-gallery-top-left\"><\/div><div class=\"envira-gallery-position-overlay  envira-gallery-top-right\"><\/div><div class=\"envira-gallery-position-overlay  envira-gallery-bottom-left\"><\/div><div class=\"envira-gallery-position-overlay  envira-gallery-bottom-right\"><\/div><a href=\"https:\/\/ekologia.kpodr.pl\/wp-content\/uploads\/2025\/06\/Wizyta-w-gospodarstwie-ekologicznym-Romana-Iwickiego-6-1.jpg\" class=\"envira-gallery-1518 envira-gallery-link\" rel=\"enviragallery1518\" title=\"Wizyta-w-gospodarstwie-ekologicznym-Romana-Iwickiego-6\" data-envira-caption=\"Wizyta-w-gospodarstwie-ekologicznym-Romana-Iwickiego-6\" data-envira-retina=\"\" data-thumbnail=\"\"  itemprop=\"contentUrl\"><img decoding=\"async\" id=\"envira-gallery-image-1533\" class=\"envira-gallery-image envira-gallery-image-15 envira-normal envira-lazy\" data-envira-index=\"15\" src=\"https:\/\/ekologia.kpodr.pl\/wp-content\/uploads\/2025\/06\/Wizyta-w-gospodarstwie-ekologicznym-Romana-Iwickiego-6-1-640x480.jpg\" data-envira-src=\"https:\/\/ekologia.kpodr.pl\/wp-content\/uploads\/2025\/06\/Wizyta-w-gospodarstwie-ekologicznym-Romana-Iwickiego-6-1-640x480.jpg\" data-envira-gallery-id=\"1518\" data-envira-item-id=\"1533\" data-envira-caption=\"Wizyta-w-gospodarstwie-ekologicznym-Romana-Iwickiego-6\" alt=\"\" title=\"Wizyta-w-gospodarstwie-ekologicznym-Romana-Iwickiego-6\"  itemprop=\"thumbnailUrl\" data-envira-srcset=\"https:\/\/ekologia.kpodr.pl\/wp-content\/uploads\/2025\/06\/Wizyta-w-gospodarstwie-ekologicznym-Romana-Iwickiego-6-1-640x480.jpg 400w,https:\/\/ekologia.kpodr.pl\/wp-content\/uploads\/2025\/06\/Wizyta-w-gospodarstwie-ekologicznym-Romana-Iwickiego-6-1-640x480.jpg 2x\" data-envira-width=\"300\" data-envira-height=\"200\" srcset=\"data:image\/gif;base64,R0lGODlhAQABAIAAAP\/\/\/\/\/\/\/yH5BAEKAAEALAAAAAABAAEAAAICTAEAOw==\" data-safe-src=\"data:image\/gif;base64,R0lGODlhAQABAIAAAP\/\/\/\/\/\/\/yH5BAEKAAEALAAAAAABAAEAAAICTAEAOw==\" \/><\/a><\/div><\/div><div id=\"envira-gallery-item-1534\" class=\"envira-gallery-item enviratope-item envira-gallery-item-16 envira-lazy-load\" style=\"padding-left: 5px; padding-bottom: 10px; padding-right: 5px;\"  itemscope itemtype=\"https:\/\/schema.org\/ImageObject\"><div class=\"envira-gallery-item-inner\"><div class=\"envira-gallery-position-overlay  envira-gallery-top-left\"><\/div><div class=\"envira-gallery-position-overlay  envira-gallery-top-right\"><\/div><div class=\"envira-gallery-position-overlay  envira-gallery-bottom-left\"><\/div><div class=\"envira-gallery-position-overlay  envira-gallery-bottom-right\"><\/div><a href=\"https:\/\/ekologia.kpodr.pl\/wp-content\/uploads\/2025\/06\/Wizyta-w-gospodarstwie-ekologicznym-Romana-Iwickiego-7-1.jpg\" class=\"envira-gallery-1518 envira-gallery-link\" rel=\"enviragallery1518\" title=\"Wizyta-w-gospodarstwie-ekologicznym-Romana-Iwickiego-7\" data-envira-caption=\"Wizyta-w-gospodarstwie-ekologicznym-Romana-Iwickiego-7\" data-envira-retina=\"\" data-thumbnail=\"\"  itemprop=\"contentUrl\"><img decoding=\"async\" id=\"envira-gallery-image-1534\" class=\"envira-gallery-image envira-gallery-image-16 envira-normal envira-lazy\" data-envira-index=\"16\" src=\"https:\/\/ekologia.kpodr.pl\/wp-content\/uploads\/2025\/06\/Wizyta-w-gospodarstwie-ekologicznym-Romana-Iwickiego-7-1-640x480.jpg\" data-envira-src=\"https:\/\/ekologia.kpodr.pl\/wp-content\/uploads\/2025\/06\/Wizyta-w-gospodarstwie-ekologicznym-Romana-Iwickiego-7-1-640x480.jpg\" data-envira-gallery-id=\"1518\" data-envira-item-id=\"1534\" data-envira-caption=\"Wizyta-w-gospodarstwie-ekologicznym-Romana-Iwickiego-7\" alt=\"\" title=\"Wizyta-w-gospodarstwie-ekologicznym-Romana-Iwickiego-7\"  itemprop=\"thumbnailUrl\" data-envira-srcset=\"https:\/\/ekologia.kpodr.pl\/wp-content\/uploads\/2025\/06\/Wizyta-w-gospodarstwie-ekologicznym-Romana-Iwickiego-7-1-640x480.jpg 400w,https:\/\/ekologia.kpodr.pl\/wp-content\/uploads\/2025\/06\/Wizyta-w-gospodarstwie-ekologicznym-Romana-Iwickiego-7-1-640x480.jpg 2x\" data-envira-width=\"300\" data-envira-height=\"200\" srcset=\"data:image\/gif;base64,R0lGODlhAQABAIAAAP\/\/\/\/\/\/\/yH5BAEKAAEALAAAAAABAAEAAAICTAEAOw==\" data-safe-src=\"data:image\/gif;base64,R0lGODlhAQABAIAAAP\/\/\/\/\/\/\/yH5BAEKAAEALAAAAAABAAEAAAICTAEAOw==\" \/><\/a><\/div><\/div><div id=\"envira-gallery-item-1535\" class=\"envira-gallery-item enviratope-item envira-gallery-item-17 envira-lazy-load\" style=\"padding-left: 5px; padding-bottom: 10px; padding-right: 5px;\"  itemscope itemtype=\"https:\/\/schema.org\/ImageObject\"><div class=\"envira-gallery-item-inner\"><div class=\"envira-gallery-position-overlay  envira-gallery-top-left\"><\/div><div class=\"envira-gallery-position-overlay  envira-gallery-top-right\"><\/div><div class=\"envira-gallery-position-overlay  envira-gallery-bottom-left\"><\/div><div class=\"envira-gallery-position-overlay  envira-gallery-bottom-right\"><\/div><a href=\"https:\/\/ekologia.kpodr.pl\/wp-content\/uploads\/2025\/06\/Wizyta-w-gospodarstwie-ekologicznym-Romana-Iwickiego-8-1.jpg\" class=\"envira-gallery-1518 envira-gallery-link\" rel=\"enviragallery1518\" title=\"Wizyta-w-gospodarstwie-ekologicznym-Romana-Iwickiego-8\" data-envira-caption=\"Wizyta-w-gospodarstwie-ekologicznym-Romana-Iwickiego-8\" data-envira-retina=\"\" data-thumbnail=\"\"  itemprop=\"contentUrl\"><img decoding=\"async\" id=\"envira-gallery-image-1535\" class=\"envira-gallery-image envira-gallery-image-17 envira-normal envira-lazy\" data-envira-index=\"17\" src=\"https:\/\/ekologia.kpodr.pl\/wp-content\/uploads\/2025\/06\/Wizyta-w-gospodarstwie-ekologicznym-Romana-Iwickiego-8-1-640x480.jpg\" data-envira-src=\"https:\/\/ekologia.kpodr.pl\/wp-content\/uploads\/2025\/06\/Wizyta-w-gospodarstwie-ekologicznym-Romana-Iwickiego-8-1-640x480.jpg\" data-envira-gallery-id=\"1518\" data-envira-item-id=\"1535\" data-envira-caption=\"Wizyta-w-gospodarstwie-ekologicznym-Romana-Iwickiego-8\" alt=\"\" title=\"Wizyta-w-gospodarstwie-ekologicznym-Romana-Iwickiego-8\"  itemprop=\"thumbnailUrl\" data-envira-srcset=\"https:\/\/ekologia.kpodr.pl\/wp-content\/uploads\/2025\/06\/Wizyta-w-gospodarstwie-ekologicznym-Romana-Iwickiego-8-1-640x480.jpg 400w,https:\/\/ekologia.kpodr.pl\/wp-content\/uploads\/2025\/06\/Wizyta-w-gospodarstwie-ekologicznym-Romana-Iwickiego-8-1-640x480.jpg 2x\" data-envira-width=\"300\" data-envira-height=\"200\" srcset=\"data:image\/gif;base64,R0lGODlhAQABAIAAAP\/\/\/\/\/\/\/yH5BAEKAAEALAAAAAABAAEAAAICTAEAOw==\" data-safe-src=\"data:image\/gif;base64,R0lGODlhAQABAIAAAP\/\/\/\/\/\/\/yH5BAEKAAEALAAAAAABAAEAAAICTAEAOw==\" \/><\/a><\/div><\/div><div id=\"envira-gallery-item-1536\" class=\"envira-gallery-item enviratope-item envira-gallery-item-18 envira-lazy-load\" style=\"padding-left: 5px; padding-bottom: 10px; padding-right: 5px;\"  itemscope itemtype=\"https:\/\/schema.org\/ImageObject\"><div class=\"envira-gallery-item-inner\"><div class=\"envira-gallery-position-overlay  envira-gallery-top-left\"><\/div><div class=\"envira-gallery-position-overlay  envira-gallery-top-right\"><\/div><div class=\"envira-gallery-position-overlay  envira-gallery-bottom-left\"><\/div><div class=\"envira-gallery-position-overlay  envira-gallery-bottom-right\"><\/div><a href=\"https:\/\/ekologia.kpodr.pl\/wp-content\/uploads\/2025\/06\/Wizyta-w-gospodarstwie-ekologicznym-Romana-Iwickiego-9-1.jpg\" class=\"envira-gallery-1518 envira-gallery-link\" rel=\"enviragallery1518\" title=\"Wizyta-w-gospodarstwie-ekologicznym-Romana-Iwickiego-9\" data-envira-caption=\"Wizyta-w-gospodarstwie-ekologicznym-Romana-Iwickiego-9\" data-envira-retina=\"\" data-thumbnail=\"\"  itemprop=\"contentUrl\"><img decoding=\"async\" id=\"envira-gallery-image-1536\" class=\"envira-gallery-image envira-gallery-image-18 envira-normal envira-lazy\" data-envira-index=\"18\" src=\"https:\/\/ekologia.kpodr.pl\/wp-content\/uploads\/2025\/06\/Wizyta-w-gospodarstwie-ekologicznym-Romana-Iwickiego-9-1-640x480.jpg\" data-envira-src=\"https:\/\/ekologia.kpodr.pl\/wp-content\/uploads\/2025\/06\/Wizyta-w-gospodarstwie-ekologicznym-Romana-Iwickiego-9-1-640x480.jpg\" data-envira-gallery-id=\"1518\" data-envira-item-id=\"1536\" data-envira-caption=\"Wizyta-w-gospodarstwie-ekologicznym-Romana-Iwickiego-9\" alt=\"\" title=\"Wizyta-w-gospodarstwie-ekologicznym-Romana-Iwickiego-9\"  itemprop=\"thumbnailUrl\" data-envira-srcset=\"https:\/\/ekologia.kpodr.pl\/wp-content\/uploads\/2025\/06\/Wizyta-w-gospodarstwie-ekologicznym-Romana-Iwickiego-9-1-640x480.jpg 400w,https:\/\/ekologia.kpodr.pl\/wp-content\/uploads\/2025\/06\/Wizyta-w-gospodarstwie-ekologicznym-Romana-Iwickiego-9-1-640x480.jpg 2x\" data-envira-width=\"300\" data-envira-height=\"200\" srcset=\"data:image\/gif;base64,R0lGODlhAQABAIAAAP\/\/\/\/\/\/\/yH5BAEKAAEALAAAAAABAAEAAAICTAEAOw==\" data-safe-src=\"data:image\/gif;base64,R0lGODlhAQABAIAAAP\/\/\/\/\/\/\/yH5BAEKAAEALAAAAAABAAEAAAICTAEAOw==\" \/><\/a><\/div><\/div><div id=\"envira-gallery-item-1537\" class=\"envira-gallery-item enviratope-item envira-gallery-item-19 envira-lazy-load\" style=\"padding-left: 5px; padding-bottom: 10px; padding-right: 5px;\"  itemscope itemtype=\"https:\/\/schema.org\/ImageObject\"><div class=\"envira-gallery-item-inner\"><div class=\"envira-gallery-position-overlay  envira-gallery-top-left\"><\/div><div class=\"envira-gallery-position-overlay  envira-gallery-top-right\"><\/div><div class=\"envira-gallery-position-overlay  envira-gallery-bottom-left\"><\/div><div class=\"envira-gallery-position-overlay  envira-gallery-bottom-right\"><\/div><a href=\"https:\/\/ekologia.kpodr.pl\/wp-content\/uploads\/2025\/06\/Wizyta-w-gospodarstwie-ekologicznym-Romana-Iwickiego-10-1.jpg\" class=\"envira-gallery-1518 envira-gallery-link\" rel=\"enviragallery1518\" title=\"Wizyta-w-gospodarstwie-ekologicznym-Romana-Iwickiego-10\" data-envira-caption=\"Wizyta-w-gospodarstwie-ekologicznym-Romana-Iwickiego-10\" data-envira-retina=\"\" data-thumbnail=\"\"  itemprop=\"contentUrl\"><img decoding=\"async\" id=\"envira-gallery-image-1537\" class=\"envira-gallery-image envira-gallery-image-19 envira-normal envira-lazy\" data-envira-index=\"19\" src=\"https:\/\/ekologia.kpodr.pl\/wp-content\/uploads\/2025\/06\/Wizyta-w-gospodarstwie-ekologicznym-Romana-Iwickiego-10-1-640x480.jpg\" data-envira-src=\"https:\/\/ekologia.kpodr.pl\/wp-content\/uploads\/2025\/06\/Wizyta-w-gospodarstwie-ekologicznym-Romana-Iwickiego-10-1-640x480.jpg\" data-envira-gallery-id=\"1518\" data-envira-item-id=\"1537\" data-envira-caption=\"Wizyta-w-gospodarstwie-ekologicznym-Romana-Iwickiego-10\" alt=\"\" title=\"Wizyta-w-gospodarstwie-ekologicznym-Romana-Iwickiego-10\"  itemprop=\"thumbnailUrl\" data-envira-srcset=\"https:\/\/ekologia.kpodr.pl\/wp-content\/uploads\/2025\/06\/Wizyta-w-gospodarstwie-ekologicznym-Romana-Iwickiego-10-1-640x480.jpg 400w,https:\/\/ekologia.kpodr.pl\/wp-content\/uploads\/2025\/06\/Wizyta-w-gospodarstwie-ekologicznym-Romana-Iwickiego-10-1-640x480.jpg 2x\" data-envira-width=\"300\" data-envira-height=\"200\" srcset=\"data:image\/gif;base64,R0lGODlhAQABAIAAAP\/\/\/\/\/\/\/yH5BAEKAAEALAAAAAABAAEAAAICTAEAOw==\" data-safe-src=\"data:image\/gif;base64,R0lGODlhAQABAIAAAP\/\/\/\/\/\/\/yH5BAEKAAEALAAAAAABAAEAAAICTAEAOw==\" \/><\/a><\/div><\/div><div id=\"envira-gallery-item-1538\" class=\"envira-gallery-item enviratope-item envira-gallery-item-20 envira-lazy-load\" style=\"padding-left: 5px; padding-bottom: 10px; padding-right: 5px;\"  itemscope itemtype=\"https:\/\/schema.org\/ImageObject\"><div class=\"envira-gallery-item-inner\"><div class=\"envira-gallery-position-overlay  envira-gallery-top-left\"><\/div><div class=\"envira-gallery-position-overlay  envira-gallery-top-right\"><\/div><div class=\"envira-gallery-position-overlay  envira-gallery-bottom-left\"><\/div><div class=\"envira-gallery-position-overlay  envira-gallery-bottom-right\"><\/div><a href=\"https:\/\/ekologia.kpodr.pl\/wp-content\/uploads\/2025\/06\/Wizyta-w-gospodarstwie-ekologicznym-Romana-Iwickiego-11-1.jpg\" class=\"envira-gallery-1518 envira-gallery-link\" rel=\"enviragallery1518\" title=\"Wizyta-w-gospodarstwie-ekologicznym-Romana-Iwickiego-11\" data-envira-caption=\"Wizyta-w-gospodarstwie-ekologicznym-Romana-Iwickiego-11\" data-envira-retina=\"\" data-thumbnail=\"\"  itemprop=\"contentUrl\"><img decoding=\"async\" id=\"envira-gallery-image-1538\" class=\"envira-gallery-image envira-gallery-image-20 envira-normal envira-lazy\" data-envira-index=\"20\" src=\"https:\/\/ekologia.kpodr.pl\/wp-content\/uploads\/2025\/06\/Wizyta-w-gospodarstwie-ekologicznym-Romana-Iwickiego-11-1-640x480.jpg\" data-envira-src=\"https:\/\/ekologia.kpodr.pl\/wp-content\/uploads\/2025\/06\/Wizyta-w-gospodarstwie-ekologicznym-Romana-Iwickiego-11-1-640x480.jpg\" data-envira-gallery-id=\"1518\" data-envira-item-id=\"1538\" data-envira-caption=\"Wizyta-w-gospodarstwie-ekologicznym-Romana-Iwickiego-11\" alt=\"\" title=\"Wizyta-w-gospodarstwie-ekologicznym-Romana-Iwickiego-11\"  itemprop=\"thumbnailUrl\" data-envira-srcset=\"https:\/\/ekologia.kpodr.pl\/wp-content\/uploads\/2025\/06\/Wizyta-w-gospodarstwie-ekologicznym-Romana-Iwickiego-11-1-640x480.jpg 400w,https:\/\/ekologia.kpodr.pl\/wp-content\/uploads\/2025\/06\/Wizyta-w-gospodarstwie-ekologicznym-Romana-Iwickiego-11-1-640x480.jpg 2x\" data-envira-width=\"300\" data-envira-height=\"200\" srcset=\"data:image\/gif;base64,R0lGODlhAQABAIAAAP\/\/\/\/\/\/\/yH5BAEKAAEALAAAAAABAAEAAAICTAEAOw==\" data-safe-src=\"data:image\/gif;base64,R0lGODlhAQABAIAAAP\/\/\/\/\/\/\/yH5BAEKAAEALAAAAAABAAEAAAICTAEAOw==\" \/><\/a><\/div><\/div><div id=\"envira-gallery-item-1539\" class=\"envira-gallery-item enviratope-item envira-gallery-item-21 envira-lazy-load\" style=\"padding-left: 5px; padding-bottom: 10px; padding-right: 5px;\"  itemscope itemtype=\"https:\/\/schema.org\/ImageObject\"><div class=\"envira-gallery-item-inner\"><div class=\"envira-gallery-position-overlay  envira-gallery-top-left\"><\/div><div class=\"envira-gallery-position-overlay  envira-gallery-top-right\"><\/div><div class=\"envira-gallery-position-overlay  envira-gallery-bottom-left\"><\/div><div class=\"envira-gallery-position-overlay  envira-gallery-bottom-right\"><\/div><a href=\"https:\/\/ekologia.kpodr.pl\/wp-content\/uploads\/2025\/06\/Wizyta-w-gospodarstwie-ekologicznym-Romana-Iwickiego-12-1.jpg\" class=\"envira-gallery-1518 envira-gallery-link\" rel=\"enviragallery1518\" title=\"Wizyta-w-gospodarstwie-ekologicznym-Romana-Iwickiego-12\" data-envira-caption=\"Wizyta-w-gospodarstwie-ekologicznym-Romana-Iwickiego-12\" data-envira-retina=\"\" data-thumbnail=\"\"  itemprop=\"contentUrl\"><img decoding=\"async\" id=\"envira-gallery-image-1539\" class=\"envira-gallery-image envira-gallery-image-21 envira-normal envira-lazy\" data-envira-index=\"21\" src=\"https:\/\/ekologia.kpodr.pl\/wp-content\/uploads\/2025\/06\/Wizyta-w-gospodarstwie-ekologicznym-Romana-Iwickiego-12-1-640x480.jpg\" data-envira-src=\"https:\/\/ekologia.kpodr.pl\/wp-content\/uploads\/2025\/06\/Wizyta-w-gospodarstwie-ekologicznym-Romana-Iwickiego-12-1-640x480.jpg\" data-envira-gallery-id=\"1518\" data-envira-item-id=\"1539\" data-envira-caption=\"Wizyta-w-gospodarstwie-ekologicznym-Romana-Iwickiego-12\" alt=\"\" title=\"Wizyta-w-gospodarstwie-ekologicznym-Romana-Iwickiego-12\"  itemprop=\"thumbnailUrl\" data-envira-srcset=\"https:\/\/ekologia.kpodr.pl\/wp-content\/uploads\/2025\/06\/Wizyta-w-gospodarstwie-ekologicznym-Romana-Iwickiego-12-1-640x480.jpg 400w,https:\/\/ekologia.kpodr.pl\/wp-content\/uploads\/2025\/06\/Wizyta-w-gospodarstwie-ekologicznym-Romana-Iwickiego-12-1-640x480.jpg 2x\" data-envira-width=\"300\" data-envira-height=\"200\" srcset=\"data:image\/gif;base64,R0lGODlhAQABAIAAAP\/\/\/\/\/\/\/yH5BAEKAAEALAAAAAABAAEAAAICTAEAOw==\" data-safe-src=\"data:image\/gif;base64,R0lGODlhAQABAIAAAP\/\/\/\/\/\/\/yH5BAEKAAEALAAAAAABAAEAAAICTAEAOw==\" \/><\/a><\/div><\/div><div id=\"envira-gallery-item-1540\" class=\"envira-gallery-item enviratope-item envira-gallery-item-22 envira-lazy-load\" style=\"padding-left: 5px; padding-bottom: 10px; padding-right: 5px;\"  itemscope itemtype=\"https:\/\/schema.org\/ImageObject\"><div class=\"envira-gallery-item-inner\"><div class=\"envira-gallery-position-overlay  envira-gallery-top-left\"><\/div><div class=\"envira-gallery-position-overlay  envira-gallery-top-right\"><\/div><div class=\"envira-gallery-position-overlay  envira-gallery-bottom-left\"><\/div><div class=\"envira-gallery-position-overlay  envira-gallery-bottom-right\"><\/div><a href=\"https:\/\/ekologia.kpodr.pl\/wp-content\/uploads\/2025\/06\/Wizyta-w-gospodarstwie-ekologicznym-Romana-Iwickiego-13-1.jpg\" class=\"envira-gallery-1518 envira-gallery-link\" rel=\"enviragallery1518\" title=\"Wizyta-w-gospodarstwie-ekologicznym-Romana-Iwickiego-13\" data-envira-caption=\"Wizyta-w-gospodarstwie-ekologicznym-Romana-Iwickiego-13\" data-envira-retina=\"\" data-thumbnail=\"\"  itemprop=\"contentUrl\"><img decoding=\"async\" id=\"envira-gallery-image-1540\" class=\"envira-gallery-image envira-gallery-image-22 envira-normal envira-lazy\" data-envira-index=\"22\" src=\"https:\/\/ekologia.kpodr.pl\/wp-content\/uploads\/2025\/06\/Wizyta-w-gospodarstwie-ekologicznym-Romana-Iwickiego-13-1-640x480.jpg\" data-envira-src=\"https:\/\/ekologia.kpodr.pl\/wp-content\/uploads\/2025\/06\/Wizyta-w-gospodarstwie-ekologicznym-Romana-Iwickiego-13-1-640x480.jpg\" data-envira-gallery-id=\"1518\" data-envira-item-id=\"1540\" data-envira-caption=\"Wizyta-w-gospodarstwie-ekologicznym-Romana-Iwickiego-13\" alt=\"\" title=\"Wizyta-w-gospodarstwie-ekologicznym-Romana-Iwickiego-13\"  itemprop=\"thumbnailUrl\" data-envira-srcset=\"https:\/\/ekologia.kpodr.pl\/wp-content\/uploads\/2025\/06\/Wizyta-w-gospodarstwie-ekologicznym-Romana-Iwickiego-13-1-640x480.jpg 400w,https:\/\/ekologia.kpodr.pl\/wp-content\/uploads\/2025\/06\/Wizyta-w-gospodarstwie-ekologicznym-Romana-Iwickiego-13-1-640x480.jpg 2x\" data-envira-width=\"300\" data-envira-height=\"200\" srcset=\"data:image\/gif;base64,R0lGODlhAQABAIAAAP\/\/\/\/\/\/\/yH5BAEKAAEALAAAAAABAAEAAAICTAEAOw==\" data-safe-src=\"data:image\/gif;base64,R0lGODlhAQABAIAAAP\/\/\/\/\/\/\/yH5BAEKAAEALAAAAAABAAEAAAICTAEAOw==\" \/><\/a><\/div><\/div><div id=\"envira-gallery-item-1541\" class=\"envira-gallery-item enviratope-item envira-gallery-item-23 envira-lazy-load\" style=\"padding-left: 5px; padding-bottom: 10px; padding-right: 5px;\"  itemscope itemtype=\"https:\/\/schema.org\/ImageObject\"><div class=\"envira-gallery-item-inner\"><div class=\"envira-gallery-position-overlay  envira-gallery-top-left\"><\/div><div class=\"envira-gallery-position-overlay  envira-gallery-top-right\"><\/div><div class=\"envira-gallery-position-overlay  envira-gallery-bottom-left\"><\/div><div class=\"envira-gallery-position-overlay  envira-gallery-bottom-right\"><\/div><a href=\"https:\/\/ekologia.kpodr.pl\/wp-content\/uploads\/2025\/06\/Wizyta-w-gospodarstwie-ekologicznym-Romana-Iwickiego-14-1.jpg\" class=\"envira-gallery-1518 envira-gallery-link\" rel=\"enviragallery1518\" title=\"Wizyta-w-gospodarstwie-ekologicznym-Romana-Iwickiego-14\" data-envira-caption=\"Wizyta-w-gospodarstwie-ekologicznym-Romana-Iwickiego-14\" data-envira-retina=\"\" data-thumbnail=\"\"  itemprop=\"contentUrl\"><img decoding=\"async\" id=\"envira-gallery-image-1541\" class=\"envira-gallery-image envira-gallery-image-23 envira-normal envira-lazy\" data-envira-index=\"23\" src=\"https:\/\/ekologia.kpodr.pl\/wp-content\/uploads\/2025\/06\/Wizyta-w-gospodarstwie-ekologicznym-Romana-Iwickiego-14-1-640x480.jpg\" data-envira-src=\"https:\/\/ekologia.kpodr.pl\/wp-content\/uploads\/2025\/06\/Wizyta-w-gospodarstwie-ekologicznym-Romana-Iwickiego-14-1-640x480.jpg\" data-envira-gallery-id=\"1518\" data-envira-item-id=\"1541\" data-envira-caption=\"Wizyta-w-gospodarstwie-ekologicznym-Romana-Iwickiego-14\" alt=\"\" title=\"Wizyta-w-gospodarstwie-ekologicznym-Romana-Iwickiego-14\"  itemprop=\"thumbnailUrl\" data-envira-srcset=\"https:\/\/ekologia.kpodr.pl\/wp-content\/uploads\/2025\/06\/Wizyta-w-gospodarstwie-ekologicznym-Romana-Iwickiego-14-1-640x480.jpg 400w,https:\/\/ekologia.kpodr.pl\/wp-content\/uploads\/2025\/06\/Wizyta-w-gospodarstwie-ekologicznym-Romana-Iwickiego-14-1-640x480.jpg 2x\" data-envira-width=\"300\" data-envira-height=\"200\" srcset=\"data:image\/gif;base64,R0lGODlhAQABAIAAAP\/\/\/\/\/\/\/yH5BAEKAAEALAAAAAABAAEAAAICTAEAOw==\" data-safe-src=\"data:image\/gif;base64,R0lGODlhAQABAIAAAP\/\/\/\/\/\/\/yH5BAEKAAEALAAAAAABAAEAAAICTAEAOw==\" \/><\/a><\/div><\/div><div id=\"envira-gallery-item-1542\" class=\"envira-gallery-item enviratope-item envira-gallery-item-24 envira-lazy-load\" style=\"padding-left: 5px; padding-bottom: 10px; padding-right: 5px;\"  itemscope itemtype=\"https:\/\/schema.org\/ImageObject\"><div class=\"envira-gallery-item-inner\"><div class=\"envira-gallery-position-overlay  envira-gallery-top-left\"><\/div><div class=\"envira-gallery-position-overlay  envira-gallery-top-right\"><\/div><div class=\"envira-gallery-position-overlay  envira-gallery-bottom-left\"><\/div><div class=\"envira-gallery-position-overlay  envira-gallery-bottom-right\"><\/div><a href=\"https:\/\/ekologia.kpodr.pl\/wp-content\/uploads\/2025\/06\/Wizyta-w-gospodarstwie-ekologicznym-Romana-Iwickiego-15-1.jpg\" class=\"envira-gallery-1518 envira-gallery-link\" rel=\"enviragallery1518\" title=\"Wizyta-w-gospodarstwie-ekologicznym-Romana-Iwickiego-15\" data-envira-caption=\"Wizyta-w-gospodarstwie-ekologicznym-Romana-Iwickiego-15\" data-envira-retina=\"\" data-thumbnail=\"\"  itemprop=\"contentUrl\"><img decoding=\"async\" id=\"envira-gallery-image-1542\" class=\"envira-gallery-image envira-gallery-image-24 envira-normal envira-lazy\" data-envira-index=\"24\" src=\"https:\/\/ekologia.kpodr.pl\/wp-content\/uploads\/2025\/06\/Wizyta-w-gospodarstwie-ekologicznym-Romana-Iwickiego-15-1-640x480.jpg\" data-envira-src=\"https:\/\/ekologia.kpodr.pl\/wp-content\/uploads\/2025\/06\/Wizyta-w-gospodarstwie-ekologicznym-Romana-Iwickiego-15-1-640x480.jpg\" data-envira-gallery-id=\"1518\" data-envira-item-id=\"1542\" data-envira-caption=\"Wizyta-w-gospodarstwie-ekologicznym-Romana-Iwickiego-15\" alt=\"\" title=\"Wizyta-w-gospodarstwie-ekologicznym-Romana-Iwickiego-15\"  itemprop=\"thumbnailUrl\" data-envira-srcset=\"https:\/\/ekologia.kpodr.pl\/wp-content\/uploads\/2025\/06\/Wizyta-w-gospodarstwie-ekologicznym-Romana-Iwickiego-15-1-640x480.jpg 400w,https:\/\/ekologia.kpodr.pl\/wp-content\/uploads\/2025\/06\/Wizyta-w-gospodarstwie-ekologicznym-Romana-Iwickiego-15-1-640x480.jpg 2x\" data-envira-width=\"300\" data-envira-height=\"200\" srcset=\"data:image\/gif;base64,R0lGODlhAQABAIAAAP\/\/\/\/\/\/\/yH5BAEKAAEALAAAAAABAAEAAAICTAEAOw==\" data-safe-src=\"data:image\/gif;base64,R0lGODlhAQABAIAAAP\/\/\/\/\/\/\/yH5BAEKAAEALAAAAAABAAEAAAICTAEAOw==\" \/><\/a><\/div><\/div><div id=\"envira-gallery-item-1543\" class=\"envira-gallery-item enviratope-item envira-gallery-item-25 envira-lazy-load\" style=\"padding-left: 5px; padding-bottom: 10px; padding-right: 5px;\"  itemscope itemtype=\"https:\/\/schema.org\/ImageObject\"><div class=\"envira-gallery-item-inner\"><div class=\"envira-gallery-position-overlay  envira-gallery-top-left\"><\/div><div class=\"envira-gallery-position-overlay  envira-gallery-top-right\"><\/div><div class=\"envira-gallery-position-overlay  envira-gallery-bottom-left\"><\/div><div class=\"envira-gallery-position-overlay  envira-gallery-bottom-right\"><\/div><a href=\"https:\/\/ekologia.kpodr.pl\/wp-content\/uploads\/2025\/06\/Wizyta-w-gospodarstwie-ekologicznym-Romana-Iwickiego-16-1.jpg\" class=\"envira-gallery-1518 envira-gallery-link\" rel=\"enviragallery1518\" title=\"Wizyta-w-gospodarstwie-ekologicznym-Romana-Iwickiego-16\" data-envira-caption=\"Wizyta-w-gospodarstwie-ekologicznym-Romana-Iwickiego-16\" data-envira-retina=\"\" data-thumbnail=\"\"  itemprop=\"contentUrl\"><img decoding=\"async\" id=\"envira-gallery-image-1543\" class=\"envira-gallery-image envira-gallery-image-25 envira-normal envira-lazy\" data-envira-index=\"25\" src=\"https:\/\/ekologia.kpodr.pl\/wp-content\/uploads\/2025\/06\/Wizyta-w-gospodarstwie-ekologicznym-Romana-Iwickiego-16-1-640x480.jpg\" data-envira-src=\"https:\/\/ekologia.kpodr.pl\/wp-content\/uploads\/2025\/06\/Wizyta-w-gospodarstwie-ekologicznym-Romana-Iwickiego-16-1-640x480.jpg\" data-envira-gallery-id=\"1518\" data-envira-item-id=\"1543\" data-envira-caption=\"Wizyta-w-gospodarstwie-ekologicznym-Romana-Iwickiego-16\" alt=\"\" title=\"Wizyta-w-gospodarstwie-ekologicznym-Romana-Iwickiego-16\"  itemprop=\"thumbnailUrl\" data-envira-srcset=\"https:\/\/ekologia.kpodr.pl\/wp-content\/uploads\/2025\/06\/Wizyta-w-gospodarstwie-ekologicznym-Romana-Iwickiego-16-1-640x480.jpg 400w,https:\/\/ekologia.kpodr.pl\/wp-content\/uploads\/2025\/06\/Wizyta-w-gospodarstwie-ekologicznym-Romana-Iwickiego-16-1-640x480.jpg 2x\" data-envira-width=\"300\" data-envira-height=\"200\" srcset=\"data:image\/gif;base64,R0lGODlhAQABAIAAAP\/\/\/\/\/\/\/yH5BAEKAAEALAAAAAABAAEAAAICTAEAOw==\" data-safe-src=\"data:image\/gif;base64,R0lGODlhAQABAIAAAP\/\/\/\/\/\/\/yH5BAEKAAEALAAAAAABAAEAAAICTAEAOw==\" \/><\/a><\/div><\/div><\/div><\/div><noscript><img decoding=\"async\" src=\"https:\/\/ekologia.kpodr.pl\/wp-content\/uploads\/2025\/06\/Forum-Rolnictwa-ekologicznego-1-1.jpg\" alt=\"\" \/><img decoding=\"async\" src=\"https:\/\/ekologia.kpodr.pl\/wp-content\/uploads\/2025\/06\/Forum-Rolnictwa-ekologicznego-2-1.jpg\" alt=\"\" \/><img decoding=\"async\" src=\"https:\/\/ekologia.kpodr.pl\/wp-content\/uploads\/2025\/06\/Forum-Rolnictwa-ekologicznego-3-1.jpg\" alt=\"\" \/><img decoding=\"async\" src=\"https:\/\/ekologia.kpodr.pl\/wp-content\/uploads\/2025\/06\/Forum-Rolnictwa-ekologicznego-4-1.jpg\" alt=\"\" \/><img decoding=\"async\" src=\"https:\/\/ekologia.kpodr.pl\/wp-content\/uploads\/2025\/06\/Forum-Rolnictwa-ekologicznego-5-1.jpg\" alt=\"\" \/><img decoding=\"async\" src=\"https:\/\/ekologia.kpodr.pl\/wp-content\/uploads\/2025\/06\/Forum-Rolnictwa-ekologicznego-6-1.jpg\" alt=\"\" \/><img decoding=\"async\" src=\"https:\/\/ekologia.kpodr.pl\/wp-content\/uploads\/2025\/06\/Forum-Rolnictwa-ekologicznego-7-1.jpg\" alt=\"\" \/><img decoding=\"async\" src=\"https:\/\/ekologia.kpodr.pl\/wp-content\/uploads\/2025\/06\/Forum-Rolnictwa-Ekologicznego-na-sali-plenarnej.jpg\" alt=\"\" \/><img decoding=\"async\" src=\"https:\/\/ekologia.kpodr.pl\/wp-content\/uploads\/2025\/06\/Forum-Rolnictwa-Ekologicznego-wszyscy-uczestnicy.jpg\" alt=\"\" \/><img decoding=\"async\" src=\"https:\/\/ekologia.kpodr.pl\/wp-content\/uploads\/2025\/06\/Wizyta-w-gospodarstwie-ekologicznym-Romana-Iwickiego-1-1.jpg\" alt=\"\" \/><img decoding=\"async\" src=\"https:\/\/ekologia.kpodr.pl\/wp-content\/uploads\/2025\/06\/Wizyta-w-gospodarstwie-ekologicznym-Romana-Iwickiego-2-1.jpg\" alt=\"\" \/><img decoding=\"async\" src=\"https:\/\/ekologia.kpodr.pl\/wp-content\/uploads\/2025\/06\/Wizyta-w-gospodarstwie-ekologicznym-Romana-Iwickiego-3-1.jpg\" alt=\"\" \/><img decoding=\"async\" src=\"https:\/\/ekologia.kpodr.pl\/wp-content\/uploads\/2025\/06\/Wizyta-w-gospodarstwie-ekologicznym-Romana-Iwickiego-4-2.jpg\" alt=\"\" \/><img decoding=\"async\" src=\"https:\/\/ekologia.kpodr.pl\/wp-content\/uploads\/2025\/06\/Wizyta-w-gospodarstwie-ekologicznym-Romana-Iwickiego-5-1.jpg\" alt=\"\" \/><img decoding=\"async\" src=\"https:\/\/ekologia.kpodr.pl\/wp-content\/uploads\/2025\/06\/Wizyta-w-gospodarstwie-ekologicznym-Romana-Iwickiego-6-1.jpg\" alt=\"\" \/><img decoding=\"async\" src=\"https:\/\/ekologia.kpodr.pl\/wp-content\/uploads\/2025\/06\/Wizyta-w-gospodarstwie-ekologicznym-Romana-Iwickiego-7-1.jpg\" alt=\"\" \/><img decoding=\"async\" src=\"https:\/\/ekologia.kpodr.pl\/wp-content\/uploads\/2025\/06\/Wizyta-w-gospodarstwie-ekologicznym-Romana-Iwickiego-8-1.jpg\" alt=\"\" \/><img decoding=\"async\" src=\"https:\/\/ekologia.kpodr.pl\/wp-content\/uploads\/2025\/06\/Wizyta-w-gospodarstwie-ekologicznym-Romana-Iwickiego-9-1.jpg\" alt=\"\" \/><img decoding=\"async\" src=\"https:\/\/ekologia.kpodr.pl\/wp-content\/uploads\/2025\/06\/Wizyta-w-gospodarstwie-ekologicznym-Romana-Iwickiego-10-1.jpg\" alt=\"\" \/><img decoding=\"async\" src=\"https:\/\/ekologia.kpodr.pl\/wp-content\/uploads\/2025\/06\/Wizyta-w-gospodarstwie-ekologicznym-Romana-Iwickiego-11-1.jpg\" alt=\"\" \/><img decoding=\"async\" src=\"https:\/\/ekologia.kpodr.pl\/wp-content\/uploads\/2025\/06\/Wizyta-w-gospodarstwie-ekologicznym-Romana-Iwickiego-12-1.jpg\" alt=\"\" \/><img decoding=\"async\" src=\"https:\/\/ekologia.kpodr.pl\/wp-content\/uploads\/2025\/06\/Wizyta-w-gospodarstwie-ekologicznym-Romana-Iwickiego-13-1.jpg\" alt=\"\" \/><img decoding=\"async\" src=\"https:\/\/ekologia.kpodr.pl\/wp-content\/uploads\/2025\/06\/Wizyta-w-gospodarstwie-ekologicznym-Romana-Iwickiego-14-1.jpg\" alt=\"\" \/><img decoding=\"async\" src=\"https:\/\/ekologia.kpodr.pl\/wp-content\/uploads\/2025\/06\/Wizyta-w-gospodarstwie-ekologicznym-Romana-Iwickiego-15-1.jpg\" alt=\"\" \/><img decoding=\"async\" src=\"https:\/\/ekologia.kpodr.pl\/wp-content\/uploads\/2025\/06\/Wizyta-w-gospodarstwie-ekologicznym-Romana-Iwickiego-16-1.jpg\" alt=\"\" \/><\/noscript>\n<p><em>Opracowa\u0142a:<br \/>\nAgnieszka Dobosz-Idzik<br \/>\nKPODR w Minikowie<\/em><\/p>\n<hr \/>\n<p><strong>Operacja dofinansowana ze \u015brodk\u00f3w Unii Europejskiej w ramach Planu Strategicznego dla Wsp\u00f3lnej Polityki Rolnej na lata 2023-2027.<\/strong><\/p>\n<p><strong>Operacja realizowana przez Kujawsko-Pomorski O\u015brodek Doradztwa Rolniczego w Minikowie. Instytucja Zarz\u0105dzaj\u0105ca Planem Strategicznym dla Wsp\u00f3lnej Polityki Rolnej na lata 2023-2027 \u2013 Minister Rolnictwa i Rozwoju Wsi.<\/strong><\/p>\n","protected":false},"excerpt":{"rendered":"<p>Konferencja \u201eWok\u00f3\u0142 rolnictwa ekologicznego w kontek\u015bcie globalnych wyzwa\u0144\u201d, kt\u00f3ra odby\u0142a si\u0119\u00a0 12 czerwca 2025 r. w Domu Kultury w Lubiewie zgromadzi\u0142a wielu zainteresowanych. W\u015br\u00f3d prelegent\u00f3w znalaz\u0142 si\u0119 dr Jerzy Pr\u00f3chnicki znawca i specjalista od gleby, kt\u00f3ry om\u00f3wi\u0142 szeroki, ale niezwykle wa\u017cny temat z punktu widzenia producenta rolniczego pn. \u201eRolnictwo ekologiczne bez p\u0142uga-szansa czy niepowodzenie?\u201d. O [&hellip;]<\/p>\n","protected":false},"author":3,"featured_media":1531,"comment_status":"closed","ping_status":"closed","sticky":false,"template":"","format":"standard","meta":{"footnotes":""},"categories":[8],"tags":[35,6,97,53],"class_list":["post-1544","post","type-post","status-publish","format-standard","has-post-thumbnail","hentry","category-wydarzenia","tag-ekologia","tag-kpodr","tag-ksow-2","tag-rolnictwo-ekologiczne"],"blocksy_meta":[],"_links":{"self":[{"href":"https:\/\/ekologia.kpodr.pl\/index.php\/wp-json\/wp\/v2\/posts\/1544","targetHints":{"allow":["GET"]}}],"collection":[{"href":"https:\/\/ekologia.kpodr.pl\/index.php\/wp-json\/wp\/v2\/posts"}],"about":[{"href":"https:\/\/ekologia.kpodr.pl\/index.php\/wp-json\/wp\/v2\/types\/post"}],"author":[{"embeddable":true,"href":"https:\/\/ekologia.kpodr.pl\/index.php\/wp-json\/wp\/v2\/users\/3"}],"replies":[{"embeddable":true,"href":"https:\/\/ekologia.kpodr.pl\/index.php\/wp-json\/wp\/v2\/comments?post=1544"}],"version-history":[{"count":2,"href":"https:\/\/ekologia.kpodr.pl\/index.php\/wp-json\/wp\/v2\/posts\/1544\/revisions"}],"predecessor-version":[{"id":2707,"href":"https:\/\/ekologia.kpodr.pl\/index.php\/wp-json\/wp\/v2\/posts\/1544\/revisions\/2707"}],"wp:featuredmedia":[{"embeddable":true,"href":"https:\/\/ekologia.kpodr.pl\/index.php\/wp-json\/wp\/v2\/media\/1531"}],"wp:attachment":[{"href":"https:\/\/ekologia.kpodr.pl\/index.php\/wp-json\/wp\/v2\/media?parent=1544"}],"wp:term":[{"taxonomy":"category","embeddable":true,"href":"https:\/\/ekologia.kpodr.pl\/index.php\/wp-json\/wp\/v2\/categories?post=1544"},{"taxonomy":"post_tag","embeddable":true,"href":"https:\/\/ekologia.kpodr.pl\/index.php\/wp-json\/wp\/v2\/tags?post=1544"}],"curies":[{"name":"wp","href":"https:\/\/api.w.org\/{rel}","templated":true}]}}