{"id":1344,"date":"2025-06-09T10:45:32","date_gmt":"2025-06-09T08:45:32","guid":{"rendered":"https:\/\/ekologia.kpodr.pl\/?p=1344"},"modified":"2025-06-16T10:47:02","modified_gmt":"2025-06-16T08:47:02","slug":"konkurs-z-ekologia-na-co-dzien","status":"publish","type":"post","link":"https:\/\/ekologia.kpodr.pl\/index.php\/2025\/06\/09\/konkurs-z-ekologia-na-co-dzien\/","title":{"rendered":"Konkurs \u201eZ ekologi\u0105 na co dzie\u0144\u201d"},"content":{"rendered":"<p><img fetchpriority=\"high\" decoding=\"async\" class=\"aligncenter size-full wp-image-67682\" src=\"https:\/\/www.kpodr.pl\/wp-content\/uploads\/2025\/06\/wfosigw.jpg\" alt=\"\" width=\"686\" height=\"83\" data-id=\"67682\" \/><\/p>\n<p><strong>8 czerwca br. podczas targ\u00f3w organizowanych przez Kujawsko-Pomorski O\u015brodek Doradztwa Rolniczego, Oddzia\u0142 w Zarzeczewie pn. \u201eDNI OTWARTYCH DRZWI. Targi Rolno-Budowlane\u201d zorganizowano konkurs wiedzy ekologicznej pn. \u201eZ ekologi\u0105 na co dzie\u0144\u201d. Celem konkursu by\u0142o podniesienie wiedzy i \u015bwiadomo\u015bci mieszka\u0144c\u00f3w wojew\u00f3dztwa kujawsko-pomorskiego w zakresie ekologii i ochrony \u015brodowiska.<\/strong><\/p>\n<p>Pogoda sprzyja\u0142a uczestnikom targ\u00f3w, kt\u00f3rzy r\u00f3wnie ch\u0119tnie i z du\u017cym zainteresowaniem wzi\u0119li udzia\u0142 w konkursie, odpowiadaj\u0105c na pytania. Test sk\u0142ada\u0142 si\u0119 z 10 pyta\u0144, zgodnie z regulaminem komisja konkursowa wy\u0142oni\u0142a 3 laureat\u00f3w, 7 wyr\u00f3\u017cnionych i a\u017c 40 uczestnik\u00f3w, kt\u00f3rzy otrzymali nagrody. Nagrodami by\u0142y zestawy ro\u015blin i krzew\u00f3w ufundowane przez Wojew\u00f3dzki Fundusz Ochrony \u015arodowiska i Gospodarki wodnej w Toruniu.<\/p>\n<p>Konkurs przyczyni\u0142 si\u0119 do aktywizacji spo\u0142ecze\u0144stwa naszego wojew\u00f3dztwa w tematach ochrony \u015brodowiska i przyrody. Du\u017ce zainteresowanie konkursem to dow\u00f3d na potrzeb\u0119 ci\u0105g\u0142ej edukacji ekologicznej. Rozwi\u0105zanie testu przyczyni\u0142o si\u0119 do pog\u0142\u0119biania wiedzy ekologicznej, promowania odpowiednich zachowa\u0144 w zakresie ochrony \u015brodowiska i przyrody oraz kszta\u0142towania postaw pro\u015brodowiskowych. Dzi\u0119ki nagrodom w postaci zestaw\u00f3w ro\u015blin, ogrody uczestnik\u00f3w zyskaj\u0105 nie tylko na walorach dekoracyjnych, ale r\u00f3wnie\u017c przyczyni si\u0119 to do zwi\u0119kszania w nich bior\u00f3\u017cnorodno\u015bci.<\/p>\n<p>\u00a0<\/p>\n<p>Opracowanie i zdj\u0119cia:<br \/><strong>Joanna Szcz\u0119sna-Kulewska<\/strong><br \/>KPDOR Oddzia\u0142 w Zarzeczewie<\/p>\n<div id=\"envira-gallery-wrap-1332\" class=\"envira-gallery-wrap envira-gallery-theme-base envira-lightbox-theme-base\" itemscope itemtype=\"https:\/\/schema.org\/ImageGallery\"><div data-row-height=\"150\" data-gallery-theme=\"normal\" id=\"envira-gallery-1332\" class=\"envira-gallery-public envira-gallery-justified-public envira-gallery-0-columns envira-clear enviratope envira-gallery-css-animations\" data-envira-columns=\"0\"><div id=\"envira-gallery-item-1333\" class=\"envira-gallery-item enviratope-item envira-gallery-item-1 envira-lazy-load\" style=\"padding-left: 5px; padding-bottom: 10px; padding-right: 5px;\"  itemscope itemtype=\"https:\/\/schema.org\/ImageObject\"><div class=\"envira-gallery-item-inner\"><div class=\"envira-gallery-position-overlay  envira-gallery-top-left\"><\/div><div class=\"envira-gallery-position-overlay  envira-gallery-top-right\"><\/div><div class=\"envira-gallery-position-overlay  envira-gallery-bottom-left\"><\/div><div class=\"envira-gallery-position-overlay  envira-gallery-bottom-right\"><\/div><a href=\"https:\/\/ekologia.kpodr.pl\/wp-content\/uploads\/2025\/06\/1.-Uczestnicy-konkursu-wiedzy-ekologicznej-\u2013-Zarzeczewo.jpg\" class=\"envira-gallery-1332 envira-gallery-link\" rel=\"enviragallery1332\" title=\"1.-Uczestnicy-konkursu-wiedzy-ekologicznej-&ndash;-Zarzeczewo\" data-envira-caption=\"1.-Uczestnicy-konkursu-wiedzy-ekologicznej-&ndash;-Zarzeczewo\" data-envira-retina=\"\" data-thumbnail=\"\"  itemprop=\"contentUrl\"><img decoding=\"async\" id=\"envira-gallery-image-1333\" class=\"envira-gallery-image envira-gallery-image-1 envira-normal envira-lazy\" data-envira-index=\"1\" src=\"https:\/\/ekologia.kpodr.pl\/wp-content\/uploads\/2025\/06\/1.-Uczestnicy-konkursu-wiedzy-ekologicznej-\u2013-Zarzeczewo-640x480.jpg\" data-envira-src=\"https:\/\/ekologia.kpodr.pl\/wp-content\/uploads\/2025\/06\/1.-Uczestnicy-konkursu-wiedzy-ekologicznej-\u2013-Zarzeczewo-640x480.jpg\" data-envira-gallery-id=\"1332\" data-envira-item-id=\"1333\" data-envira-caption=\"1.-Uczestnicy-konkursu-wiedzy-ekologicznej-&ndash;-Zarzeczewo\" alt=\"\" title=\"1.-Uczestnicy-konkursu-wiedzy-ekologicznej-\u2013-Zarzeczewo\"  itemprop=\"thumbnailUrl\" data-envira-srcset=\"https:\/\/ekologia.kpodr.pl\/wp-content\/uploads\/2025\/06\/1.-Uczestnicy-konkursu-wiedzy-ekologicznej-\u2013-Zarzeczewo-640x480.jpg 400w,https:\/\/ekologia.kpodr.pl\/wp-content\/uploads\/2025\/06\/1.-Uczestnicy-konkursu-wiedzy-ekologicznej-\u2013-Zarzeczewo-640x480.jpg 2x\" data-envira-width=\"225\" data-envira-height=\"300\" srcset=\"data:image\/gif;base64,R0lGODlhAQABAIAAAP\/\/\/\/\/\/\/yH5BAEKAAEALAAAAAABAAEAAAICTAEAOw==\" data-safe-src=\"data:image\/gif;base64,R0lGODlhAQABAIAAAP\/\/\/\/\/\/\/yH5BAEKAAEALAAAAAABAAEAAAICTAEAOw==\" \/><\/a><\/div><\/div><div id=\"envira-gallery-item-1334\" class=\"envira-gallery-item enviratope-item envira-gallery-item-2 envira-lazy-load\" style=\"padding-left: 5px; padding-bottom: 10px; padding-right: 5px;\"  itemscope itemtype=\"https:\/\/schema.org\/ImageObject\"><div class=\"envira-gallery-item-inner\"><div class=\"envira-gallery-position-overlay  envira-gallery-top-left\"><\/div><div class=\"envira-gallery-position-overlay  envira-gallery-top-right\"><\/div><div class=\"envira-gallery-position-overlay  envira-gallery-bottom-left\"><\/div><div class=\"envira-gallery-position-overlay  envira-gallery-bottom-right\"><\/div><a href=\"https:\/\/ekologia.kpodr.pl\/wp-content\/uploads\/2025\/06\/2.-Uczestnicy-konkursu-wiedzy-ekologicznej-\u2013-Zarzeczewo.jpg\" class=\"envira-gallery-1332 envira-gallery-link\" rel=\"enviragallery1332\" title=\"2.-Uczestnicy-konkursu-wiedzy-ekologicznej-&ndash;-Zarzeczewo\" data-envira-caption=\"2.-Uczestnicy-konkursu-wiedzy-ekologicznej-&ndash;-Zarzeczewo\" data-envira-retina=\"\" data-thumbnail=\"\"  itemprop=\"contentUrl\"><img decoding=\"async\" id=\"envira-gallery-image-1334\" class=\"envira-gallery-image envira-gallery-image-2 envira-normal envira-lazy\" data-envira-index=\"2\" src=\"https:\/\/ekologia.kpodr.pl\/wp-content\/uploads\/2025\/06\/2.-Uczestnicy-konkursu-wiedzy-ekologicznej-\u2013-Zarzeczewo-640x480.jpg\" data-envira-src=\"https:\/\/ekologia.kpodr.pl\/wp-content\/uploads\/2025\/06\/2.-Uczestnicy-konkursu-wiedzy-ekologicznej-\u2013-Zarzeczewo-640x480.jpg\" data-envira-gallery-id=\"1332\" data-envira-item-id=\"1334\" data-envira-caption=\"2.-Uczestnicy-konkursu-wiedzy-ekologicznej-&ndash;-Zarzeczewo\" alt=\"\" title=\"2.-Uczestnicy-konkursu-wiedzy-ekologicznej-\u2013-Zarzeczewo\"  itemprop=\"thumbnailUrl\" data-envira-srcset=\"https:\/\/ekologia.kpodr.pl\/wp-content\/uploads\/2025\/06\/2.-Uczestnicy-konkursu-wiedzy-ekologicznej-\u2013-Zarzeczewo-640x480.jpg 400w,https:\/\/ekologia.kpodr.pl\/wp-content\/uploads\/2025\/06\/2.-Uczestnicy-konkursu-wiedzy-ekologicznej-\u2013-Zarzeczewo-640x480.jpg 2x\" data-envira-width=\"300\" data-envira-height=\"225\" srcset=\"data:image\/gif;base64,R0lGODlhAQABAIAAAP\/\/\/\/\/\/\/yH5BAEKAAEALAAAAAABAAEAAAICTAEAOw==\" data-safe-src=\"data:image\/gif;base64,R0lGODlhAQABAIAAAP\/\/\/\/\/\/\/yH5BAEKAAEALAAAAAABAAEAAAICTAEAOw==\" \/><\/a><\/div><\/div><div id=\"envira-gallery-item-1335\" class=\"envira-gallery-item enviratope-item envira-gallery-item-3 envira-lazy-load\" style=\"padding-left: 5px; padding-bottom: 10px; padding-right: 5px;\"  itemscope itemtype=\"https:\/\/schema.org\/ImageObject\"><div class=\"envira-gallery-item-inner\"><div class=\"envira-gallery-position-overlay  envira-gallery-top-left\"><\/div><div class=\"envira-gallery-position-overlay  envira-gallery-top-right\"><\/div><div class=\"envira-gallery-position-overlay  envira-gallery-bottom-left\"><\/div><div class=\"envira-gallery-position-overlay  envira-gallery-bottom-right\"><\/div><a href=\"https:\/\/ekologia.kpodr.pl\/wp-content\/uploads\/2025\/06\/3.-Uczestnicy-konkursu-wiedzy-ekologicznej-\u2013-Zarzeczewo.jpg\" class=\"envira-gallery-1332 envira-gallery-link\" rel=\"enviragallery1332\" title=\"3.-Uczestnicy-konkursu-wiedzy-ekologicznej-&ndash;-Zarzeczewo\" data-envira-caption=\"3.-Uczestnicy-konkursu-wiedzy-ekologicznej-&ndash;-Zarzeczewo\" data-envira-retina=\"\" data-thumbnail=\"\"  itemprop=\"contentUrl\"><img decoding=\"async\" id=\"envira-gallery-image-1335\" class=\"envira-gallery-image envira-gallery-image-3 envira-normal envira-lazy\" data-envira-index=\"3\" src=\"https:\/\/ekologia.kpodr.pl\/wp-content\/uploads\/2025\/06\/3.-Uczestnicy-konkursu-wiedzy-ekologicznej-\u2013-Zarzeczewo-640x480.jpg\" data-envira-src=\"https:\/\/ekologia.kpodr.pl\/wp-content\/uploads\/2025\/06\/3.-Uczestnicy-konkursu-wiedzy-ekologicznej-\u2013-Zarzeczewo-640x480.jpg\" data-envira-gallery-id=\"1332\" data-envira-item-id=\"1335\" data-envira-caption=\"3.-Uczestnicy-konkursu-wiedzy-ekologicznej-&ndash;-Zarzeczewo\" alt=\"\" title=\"3.-Uczestnicy-konkursu-wiedzy-ekologicznej-\u2013-Zarzeczewo\"  itemprop=\"thumbnailUrl\" data-envira-srcset=\"https:\/\/ekologia.kpodr.pl\/wp-content\/uploads\/2025\/06\/3.-Uczestnicy-konkursu-wiedzy-ekologicznej-\u2013-Zarzeczewo-640x480.jpg 400w,https:\/\/ekologia.kpodr.pl\/wp-content\/uploads\/2025\/06\/3.-Uczestnicy-konkursu-wiedzy-ekologicznej-\u2013-Zarzeczewo-640x480.jpg 2x\" data-envira-width=\"225\" data-envira-height=\"300\" srcset=\"data:image\/gif;base64,R0lGODlhAQABAIAAAP\/\/\/\/\/\/\/yH5BAEKAAEALAAAAAABAAEAAAICTAEAOw==\" data-safe-src=\"data:image\/gif;base64,R0lGODlhAQABAIAAAP\/\/\/\/\/\/\/yH5BAEKAAEALAAAAAABAAEAAAICTAEAOw==\" \/><\/a><\/div><\/div><div id=\"envira-gallery-item-1336\" class=\"envira-gallery-item enviratope-item envira-gallery-item-4 envira-lazy-load\" style=\"padding-left: 5px; padding-bottom: 10px; padding-right: 5px;\"  itemscope itemtype=\"https:\/\/schema.org\/ImageObject\"><div class=\"envira-gallery-item-inner\"><div class=\"envira-gallery-position-overlay  envira-gallery-top-left\"><\/div><div class=\"envira-gallery-position-overlay  envira-gallery-top-right\"><\/div><div class=\"envira-gallery-position-overlay  envira-gallery-bottom-left\"><\/div><div class=\"envira-gallery-position-overlay  envira-gallery-bottom-right\"><\/div><a href=\"https:\/\/ekologia.kpodr.pl\/wp-content\/uploads\/2025\/06\/4.-Uczestnicy-konkursu-wiedzy-ekologicznej-\u2013-Zarzeczewo.jpg\" class=\"envira-gallery-1332 envira-gallery-link\" rel=\"enviragallery1332\" title=\"4.-Uczestnicy-konkursu-wiedzy-ekologicznej-&ndash;-Zarzeczewo\" data-envira-caption=\"4.-Uczestnicy-konkursu-wiedzy-ekologicznej-&ndash;-Zarzeczewo\" data-envira-retina=\"\" data-thumbnail=\"\"  itemprop=\"contentUrl\"><img decoding=\"async\" id=\"envira-gallery-image-1336\" class=\"envira-gallery-image envira-gallery-image-4 envira-normal envira-lazy\" data-envira-index=\"4\" src=\"https:\/\/ekologia.kpodr.pl\/wp-content\/uploads\/2025\/06\/4.-Uczestnicy-konkursu-wiedzy-ekologicznej-\u2013-Zarzeczewo-640x480.jpg\" data-envira-src=\"https:\/\/ekologia.kpodr.pl\/wp-content\/uploads\/2025\/06\/4.-Uczestnicy-konkursu-wiedzy-ekologicznej-\u2013-Zarzeczewo-640x480.jpg\" data-envira-gallery-id=\"1332\" data-envira-item-id=\"1336\" data-envira-caption=\"4.-Uczestnicy-konkursu-wiedzy-ekologicznej-&ndash;-Zarzeczewo\" alt=\"\" title=\"4.-Uczestnicy-konkursu-wiedzy-ekologicznej-\u2013-Zarzeczewo\"  itemprop=\"thumbnailUrl\" data-envira-srcset=\"https:\/\/ekologia.kpodr.pl\/wp-content\/uploads\/2025\/06\/4.-Uczestnicy-konkursu-wiedzy-ekologicznej-\u2013-Zarzeczewo-640x480.jpg 400w,https:\/\/ekologia.kpodr.pl\/wp-content\/uploads\/2025\/06\/4.-Uczestnicy-konkursu-wiedzy-ekologicznej-\u2013-Zarzeczewo-640x480.jpg 2x\" data-envira-width=\"300\" data-envira-height=\"225\" srcset=\"data:image\/gif;base64,R0lGODlhAQABAIAAAP\/\/\/\/\/\/\/yH5BAEKAAEALAAAAAABAAEAAAICTAEAOw==\" data-safe-src=\"data:image\/gif;base64,R0lGODlhAQABAIAAAP\/\/\/\/\/\/\/yH5BAEKAAEALAAAAAABAAEAAAICTAEAOw==\" \/><\/a><\/div><\/div><div id=\"envira-gallery-item-1337\" class=\"envira-gallery-item enviratope-item envira-gallery-item-5 envira-lazy-load\" style=\"padding-left: 5px; padding-bottom: 10px; padding-right: 5px;\"  itemscope itemtype=\"https:\/\/schema.org\/ImageObject\"><div class=\"envira-gallery-item-inner\"><div class=\"envira-gallery-position-overlay  envira-gallery-top-left\"><\/div><div class=\"envira-gallery-position-overlay  envira-gallery-top-right\"><\/div><div class=\"envira-gallery-position-overlay  envira-gallery-bottom-left\"><\/div><div class=\"envira-gallery-position-overlay  envira-gallery-bottom-right\"><\/div><a href=\"https:\/\/ekologia.kpodr.pl\/wp-content\/uploads\/2025\/06\/5.-Uczestnicy-konkursu-wiedzy-ekologicznej-\u2013-Zarzeczewo.jpg\" class=\"envira-gallery-1332 envira-gallery-link\" rel=\"enviragallery1332\" title=\"5.-Uczestnicy-konkursu-wiedzy-ekologicznej-&ndash;-Zarzeczewo\" data-envira-caption=\"5.-Uczestnicy-konkursu-wiedzy-ekologicznej-&ndash;-Zarzeczewo\" data-envira-retina=\"\" data-thumbnail=\"\"  itemprop=\"contentUrl\"><img decoding=\"async\" id=\"envira-gallery-image-1337\" class=\"envira-gallery-image envira-gallery-image-5 envira-normal envira-lazy\" data-envira-index=\"5\" src=\"https:\/\/ekologia.kpodr.pl\/wp-content\/uploads\/2025\/06\/5.-Uczestnicy-konkursu-wiedzy-ekologicznej-\u2013-Zarzeczewo-640x480.jpg\" data-envira-src=\"https:\/\/ekologia.kpodr.pl\/wp-content\/uploads\/2025\/06\/5.-Uczestnicy-konkursu-wiedzy-ekologicznej-\u2013-Zarzeczewo-640x480.jpg\" data-envira-gallery-id=\"1332\" data-envira-item-id=\"1337\" data-envira-caption=\"5.-Uczestnicy-konkursu-wiedzy-ekologicznej-&ndash;-Zarzeczewo\" alt=\"\" title=\"5.-Uczestnicy-konkursu-wiedzy-ekologicznej-\u2013-Zarzeczewo\"  itemprop=\"thumbnailUrl\" data-envira-srcset=\"https:\/\/ekologia.kpodr.pl\/wp-content\/uploads\/2025\/06\/5.-Uczestnicy-konkursu-wiedzy-ekologicznej-\u2013-Zarzeczewo-640x480.jpg 400w,https:\/\/ekologia.kpodr.pl\/wp-content\/uploads\/2025\/06\/5.-Uczestnicy-konkursu-wiedzy-ekologicznej-\u2013-Zarzeczewo-640x480.jpg 2x\" data-envira-width=\"300\" data-envira-height=\"225\" srcset=\"data:image\/gif;base64,R0lGODlhAQABAIAAAP\/\/\/\/\/\/\/yH5BAEKAAEALAAAAAABAAEAAAICTAEAOw==\" data-safe-src=\"data:image\/gif;base64,R0lGODlhAQABAIAAAP\/\/\/\/\/\/\/yH5BAEKAAEALAAAAAABAAEAAAICTAEAOw==\" \/><\/a><\/div><\/div><div id=\"envira-gallery-item-1338\" class=\"envira-gallery-item enviratope-item envira-gallery-item-6 envira-lazy-load\" style=\"padding-left: 5px; padding-bottom: 10px; padding-right: 5px;\"  itemscope itemtype=\"https:\/\/schema.org\/ImageObject\"><div class=\"envira-gallery-item-inner\"><div class=\"envira-gallery-position-overlay  envira-gallery-top-left\"><\/div><div class=\"envira-gallery-position-overlay  envira-gallery-top-right\"><\/div><div class=\"envira-gallery-position-overlay  envira-gallery-bottom-left\"><\/div><div class=\"envira-gallery-position-overlay  envira-gallery-bottom-right\"><\/div><a href=\"https:\/\/ekologia.kpodr.pl\/wp-content\/uploads\/2025\/06\/6.-Uczestnicy-konkursu-wiedzy-ekologicznej-\u2013-Zarzeczewo.jpg\" class=\"envira-gallery-1332 envira-gallery-link\" rel=\"enviragallery1332\" title=\"6.-Uczestnicy-konkursu-wiedzy-ekologicznej-&ndash;-Zarzeczewo\" data-envira-caption=\"6.-Uczestnicy-konkursu-wiedzy-ekologicznej-&ndash;-Zarzeczewo\" data-envira-retina=\"\" data-thumbnail=\"\"  itemprop=\"contentUrl\"><img decoding=\"async\" id=\"envira-gallery-image-1338\" class=\"envira-gallery-image envira-gallery-image-6 envira-normal envira-lazy\" data-envira-index=\"6\" src=\"https:\/\/ekologia.kpodr.pl\/wp-content\/uploads\/2025\/06\/6.-Uczestnicy-konkursu-wiedzy-ekologicznej-\u2013-Zarzeczewo-640x480.jpg\" data-envira-src=\"https:\/\/ekologia.kpodr.pl\/wp-content\/uploads\/2025\/06\/6.-Uczestnicy-konkursu-wiedzy-ekologicznej-\u2013-Zarzeczewo-640x480.jpg\" data-envira-gallery-id=\"1332\" data-envira-item-id=\"1338\" data-envira-caption=\"6.-Uczestnicy-konkursu-wiedzy-ekologicznej-&ndash;-Zarzeczewo\" alt=\"\" title=\"6.-Uczestnicy-konkursu-wiedzy-ekologicznej-\u2013-Zarzeczewo\"  itemprop=\"thumbnailUrl\" data-envira-srcset=\"https:\/\/ekologia.kpodr.pl\/wp-content\/uploads\/2025\/06\/6.-Uczestnicy-konkursu-wiedzy-ekologicznej-\u2013-Zarzeczewo-640x480.jpg 400w,https:\/\/ekologia.kpodr.pl\/wp-content\/uploads\/2025\/06\/6.-Uczestnicy-konkursu-wiedzy-ekologicznej-\u2013-Zarzeczewo-640x480.jpg 2x\" data-envira-width=\"225\" data-envira-height=\"300\" srcset=\"data:image\/gif;base64,R0lGODlhAQABAIAAAP\/\/\/\/\/\/\/yH5BAEKAAEALAAAAAABAAEAAAICTAEAOw==\" data-safe-src=\"data:image\/gif;base64,R0lGODlhAQABAIAAAP\/\/\/\/\/\/\/yH5BAEKAAEALAAAAAABAAEAAAICTAEAOw==\" \/><\/a><\/div><\/div><div id=\"envira-gallery-item-1339\" class=\"envira-gallery-item enviratope-item envira-gallery-item-7 envira-lazy-load\" style=\"padding-left: 5px; padding-bottom: 10px; padding-right: 5px;\"  itemscope itemtype=\"https:\/\/schema.org\/ImageObject\"><div class=\"envira-gallery-item-inner\"><div class=\"envira-gallery-position-overlay  envira-gallery-top-left\"><\/div><div class=\"envira-gallery-position-overlay  envira-gallery-top-right\"><\/div><div class=\"envira-gallery-position-overlay  envira-gallery-bottom-left\"><\/div><div class=\"envira-gallery-position-overlay  envira-gallery-bottom-right\"><\/div><a href=\"https:\/\/ekologia.kpodr.pl\/wp-content\/uploads\/2025\/06\/7.-Uczestnicy-konkursu-wiedzy-ekologicznej-\u2013-Zarzeczewo.jpg\" class=\"envira-gallery-1332 envira-gallery-link\" rel=\"enviragallery1332\" title=\"7.-Uczestnicy-konkursu-wiedzy-ekologicznej-&ndash;-Zarzeczewo\" data-envira-caption=\"7.-Uczestnicy-konkursu-wiedzy-ekologicznej-&ndash;-Zarzeczewo\" data-envira-retina=\"\" data-thumbnail=\"\"  itemprop=\"contentUrl\"><img decoding=\"async\" id=\"envira-gallery-image-1339\" class=\"envira-gallery-image envira-gallery-image-7 envira-normal envira-lazy\" data-envira-index=\"7\" src=\"https:\/\/ekologia.kpodr.pl\/wp-content\/uploads\/2025\/06\/7.-Uczestnicy-konkursu-wiedzy-ekologicznej-\u2013-Zarzeczewo-640x480.jpg\" data-envira-src=\"https:\/\/ekologia.kpodr.pl\/wp-content\/uploads\/2025\/06\/7.-Uczestnicy-konkursu-wiedzy-ekologicznej-\u2013-Zarzeczewo-640x480.jpg\" data-envira-gallery-id=\"1332\" data-envira-item-id=\"1339\" data-envira-caption=\"7.-Uczestnicy-konkursu-wiedzy-ekologicznej-&ndash;-Zarzeczewo\" alt=\"\" title=\"7.-Uczestnicy-konkursu-wiedzy-ekologicznej-\u2013-Zarzeczewo\"  itemprop=\"thumbnailUrl\" data-envira-srcset=\"https:\/\/ekologia.kpodr.pl\/wp-content\/uploads\/2025\/06\/7.-Uczestnicy-konkursu-wiedzy-ekologicznej-\u2013-Zarzeczewo-640x480.jpg 400w,https:\/\/ekologia.kpodr.pl\/wp-content\/uploads\/2025\/06\/7.-Uczestnicy-konkursu-wiedzy-ekologicznej-\u2013-Zarzeczewo-640x480.jpg 2x\" data-envira-width=\"225\" data-envira-height=\"300\" srcset=\"data:image\/gif;base64,R0lGODlhAQABAIAAAP\/\/\/\/\/\/\/yH5BAEKAAEALAAAAAABAAEAAAICTAEAOw==\" data-safe-src=\"data:image\/gif;base64,R0lGODlhAQABAIAAAP\/\/\/\/\/\/\/yH5BAEKAAEALAAAAAABAAEAAAICTAEAOw==\" \/><\/a><\/div><\/div><div id=\"envira-gallery-item-1340\" class=\"envira-gallery-item enviratope-item envira-gallery-item-8 envira-lazy-load\" style=\"padding-left: 5px; padding-bottom: 10px; padding-right: 5px;\"  itemscope itemtype=\"https:\/\/schema.org\/ImageObject\"><div class=\"envira-gallery-item-inner\"><div class=\"envira-gallery-position-overlay  envira-gallery-top-left\"><\/div><div class=\"envira-gallery-position-overlay  envira-gallery-top-right\"><\/div><div class=\"envira-gallery-position-overlay  envira-gallery-bottom-left\"><\/div><div class=\"envira-gallery-position-overlay  envira-gallery-bottom-right\"><\/div><a href=\"https:\/\/ekologia.kpodr.pl\/wp-content\/uploads\/2025\/06\/8.-Uczestnicy-konkursu-wiedzy-ekologicznej-\u2013-Zarzeczewo.jpg\" class=\"envira-gallery-1332 envira-gallery-link\" rel=\"enviragallery1332\" title=\"8.-Uczestnicy-konkursu-wiedzy-ekologicznej-&ndash;-Zarzeczewo\" data-envira-caption=\"8.-Uczestnicy-konkursu-wiedzy-ekologicznej-&ndash;-Zarzeczewo\" data-envira-retina=\"\" data-thumbnail=\"\"  itemprop=\"contentUrl\"><img decoding=\"async\" id=\"envira-gallery-image-1340\" class=\"envira-gallery-image envira-gallery-image-8 envira-normal envira-lazy\" data-envira-index=\"8\" src=\"https:\/\/ekologia.kpodr.pl\/wp-content\/uploads\/2025\/06\/8.-Uczestnicy-konkursu-wiedzy-ekologicznej-\u2013-Zarzeczewo-640x480.jpg\" data-envira-src=\"https:\/\/ekologia.kpodr.pl\/wp-content\/uploads\/2025\/06\/8.-Uczestnicy-konkursu-wiedzy-ekologicznej-\u2013-Zarzeczewo-640x480.jpg\" data-envira-gallery-id=\"1332\" data-envira-item-id=\"1340\" data-envira-caption=\"8.-Uczestnicy-konkursu-wiedzy-ekologicznej-&ndash;-Zarzeczewo\" alt=\"\" title=\"8.-Uczestnicy-konkursu-wiedzy-ekologicznej-\u2013-Zarzeczewo\"  itemprop=\"thumbnailUrl\" data-envira-srcset=\"https:\/\/ekologia.kpodr.pl\/wp-content\/uploads\/2025\/06\/8.-Uczestnicy-konkursu-wiedzy-ekologicznej-\u2013-Zarzeczewo-640x480.jpg 400w,https:\/\/ekologia.kpodr.pl\/wp-content\/uploads\/2025\/06\/8.-Uczestnicy-konkursu-wiedzy-ekologicznej-\u2013-Zarzeczewo-640x480.jpg 2x\" data-envira-width=\"300\" data-envira-height=\"225\" srcset=\"data:image\/gif;base64,R0lGODlhAQABAIAAAP\/\/\/\/\/\/\/yH5BAEKAAEALAAAAAABAAEAAAICTAEAOw==\" data-safe-src=\"data:image\/gif;base64,R0lGODlhAQABAIAAAP\/\/\/\/\/\/\/yH5BAEKAAEALAAAAAABAAEAAAICTAEAOw==\" \/><\/a><\/div><\/div><div id=\"envira-gallery-item-1341\" class=\"envira-gallery-item enviratope-item envira-gallery-item-9 envira-lazy-load\" style=\"padding-left: 5px; padding-bottom: 10px; padding-right: 5px;\"  itemscope itemtype=\"https:\/\/schema.org\/ImageObject\"><div class=\"envira-gallery-item-inner\"><div class=\"envira-gallery-position-overlay  envira-gallery-top-left\"><\/div><div class=\"envira-gallery-position-overlay  envira-gallery-top-right\"><\/div><div class=\"envira-gallery-position-overlay  envira-gallery-bottom-left\"><\/div><div class=\"envira-gallery-position-overlay  envira-gallery-bottom-right\"><\/div><a href=\"https:\/\/ekologia.kpodr.pl\/wp-content\/uploads\/2025\/06\/9.-Uczestnicy-konkursu-wiedzy-ekologicznej-\u2013-Zarzeczewo.jpg\" class=\"envira-gallery-1332 envira-gallery-link\" rel=\"enviragallery1332\" title=\"9.-Uczestnicy-konkursu-wiedzy-ekologicznej-&ndash;-Zarzeczewo\" data-envira-caption=\"9.-Uczestnicy-konkursu-wiedzy-ekologicznej-&ndash;-Zarzeczewo\" data-envira-retina=\"\" data-thumbnail=\"\"  itemprop=\"contentUrl\"><img decoding=\"async\" id=\"envira-gallery-image-1341\" class=\"envira-gallery-image envira-gallery-image-9 envira-normal envira-lazy\" data-envira-index=\"9\" src=\"https:\/\/ekologia.kpodr.pl\/wp-content\/uploads\/2025\/06\/9.-Uczestnicy-konkursu-wiedzy-ekologicznej-\u2013-Zarzeczewo-640x480.jpg\" data-envira-src=\"https:\/\/ekologia.kpodr.pl\/wp-content\/uploads\/2025\/06\/9.-Uczestnicy-konkursu-wiedzy-ekologicznej-\u2013-Zarzeczewo-640x480.jpg\" data-envira-gallery-id=\"1332\" data-envira-item-id=\"1341\" data-envira-caption=\"9.-Uczestnicy-konkursu-wiedzy-ekologicznej-&ndash;-Zarzeczewo\" alt=\"\" title=\"9.-Uczestnicy-konkursu-wiedzy-ekologicznej-\u2013-Zarzeczewo\"  itemprop=\"thumbnailUrl\" data-envira-srcset=\"https:\/\/ekologia.kpodr.pl\/wp-content\/uploads\/2025\/06\/9.-Uczestnicy-konkursu-wiedzy-ekologicznej-\u2013-Zarzeczewo-640x480.jpg 400w,https:\/\/ekologia.kpodr.pl\/wp-content\/uploads\/2025\/06\/9.-Uczestnicy-konkursu-wiedzy-ekologicznej-\u2013-Zarzeczewo-640x480.jpg 2x\" data-envira-width=\"300\" data-envira-height=\"225\" srcset=\"data:image\/gif;base64,R0lGODlhAQABAIAAAP\/\/\/\/\/\/\/yH5BAEKAAEALAAAAAABAAEAAAICTAEAOw==\" data-safe-src=\"data:image\/gif;base64,R0lGODlhAQABAIAAAP\/\/\/\/\/\/\/yH5BAEKAAEALAAAAAABAAEAAAICTAEAOw==\" \/><\/a><\/div><\/div><div id=\"envira-gallery-item-1342\" class=\"envira-gallery-item enviratope-item envira-gallery-item-10 envira-lazy-load\" style=\"padding-left: 5px; padding-bottom: 10px; padding-right: 5px;\"  itemscope itemtype=\"https:\/\/schema.org\/ImageObject\"><div class=\"envira-gallery-item-inner\"><div class=\"envira-gallery-position-overlay  envira-gallery-top-left\"><\/div><div class=\"envira-gallery-position-overlay  envira-gallery-top-right\"><\/div><div class=\"envira-gallery-position-overlay  envira-gallery-bottom-left\"><\/div><div class=\"envira-gallery-position-overlay  envira-gallery-bottom-right\"><\/div><a href=\"https:\/\/ekologia.kpodr.pl\/wp-content\/uploads\/2025\/06\/10.-Uczestnicy-konkursu-wiedzy-ekologicznej-\u2013-Zarzeczewo.jpg\" class=\"envira-gallery-1332 envira-gallery-link\" rel=\"enviragallery1332\" title=\"10.-Uczestnicy-konkursu-wiedzy-ekologicznej-&ndash;-Zarzeczewo\" data-envira-caption=\"10.-Uczestnicy-konkursu-wiedzy-ekologicznej-&ndash;-Zarzeczewo\" data-envira-retina=\"\" data-thumbnail=\"\"  itemprop=\"contentUrl\"><img decoding=\"async\" id=\"envira-gallery-image-1342\" class=\"envira-gallery-image envira-gallery-image-10 envira-normal envira-lazy\" data-envira-index=\"10\" src=\"https:\/\/ekologia.kpodr.pl\/wp-content\/uploads\/2025\/06\/10.-Uczestnicy-konkursu-wiedzy-ekologicznej-\u2013-Zarzeczewo-640x480.jpg\" data-envira-src=\"https:\/\/ekologia.kpodr.pl\/wp-content\/uploads\/2025\/06\/10.-Uczestnicy-konkursu-wiedzy-ekologicznej-\u2013-Zarzeczewo-640x480.jpg\" data-envira-gallery-id=\"1332\" data-envira-item-id=\"1342\" data-envira-caption=\"10.-Uczestnicy-konkursu-wiedzy-ekologicznej-&ndash;-Zarzeczewo\" alt=\"\" title=\"10.-Uczestnicy-konkursu-wiedzy-ekologicznej-\u2013-Zarzeczewo\"  itemprop=\"thumbnailUrl\" data-envira-srcset=\"https:\/\/ekologia.kpodr.pl\/wp-content\/uploads\/2025\/06\/10.-Uczestnicy-konkursu-wiedzy-ekologicznej-\u2013-Zarzeczewo-640x480.jpg 400w,https:\/\/ekologia.kpodr.pl\/wp-content\/uploads\/2025\/06\/10.-Uczestnicy-konkursu-wiedzy-ekologicznej-\u2013-Zarzeczewo-640x480.jpg 2x\" data-envira-width=\"300\" data-envira-height=\"225\" srcset=\"data:image\/gif;base64,R0lGODlhAQABAIAAAP\/\/\/\/\/\/\/yH5BAEKAAEALAAAAAABAAEAAAICTAEAOw==\" data-safe-src=\"data:image\/gif;base64,R0lGODlhAQABAIAAAP\/\/\/\/\/\/\/yH5BAEKAAEALAAAAAABAAEAAAICTAEAOw==\" \/><\/a><\/div><\/div><div id=\"envira-gallery-item-1343\" class=\"envira-gallery-item enviratope-item envira-gallery-item-11 envira-lazy-load\" style=\"padding-left: 5px; padding-bottom: 10px; padding-right: 5px;\"  itemscope itemtype=\"https:\/\/schema.org\/ImageObject\"><div class=\"envira-gallery-item-inner\"><div class=\"envira-gallery-position-overlay  envira-gallery-top-left\"><\/div><div class=\"envira-gallery-position-overlay  envira-gallery-top-right\"><\/div><div class=\"envira-gallery-position-overlay  envira-gallery-bottom-left\"><\/div><div class=\"envira-gallery-position-overlay  envira-gallery-bottom-right\"><\/div><a href=\"https:\/\/ekologia.kpodr.pl\/wp-content\/uploads\/2025\/06\/11.-Uczestnicy-konkursu-wiedzy-ekologicznej-\u2013-Zarzeczewo.jpg\" class=\"envira-gallery-1332 envira-gallery-link\" rel=\"enviragallery1332\" title=\"11.-Uczestnicy-konkursu-wiedzy-ekologicznej-&ndash;-Zarzeczewo\" data-envira-caption=\"11.-Uczestnicy-konkursu-wiedzy-ekologicznej-&ndash;-Zarzeczewo\" data-envira-retina=\"\" data-thumbnail=\"\"  itemprop=\"contentUrl\"><img decoding=\"async\" id=\"envira-gallery-image-1343\" class=\"envira-gallery-image envira-gallery-image-11 envira-normal envira-lazy\" data-envira-index=\"11\" src=\"https:\/\/ekologia.kpodr.pl\/wp-content\/uploads\/2025\/06\/11.-Uczestnicy-konkursu-wiedzy-ekologicznej-\u2013-Zarzeczewo-640x480.jpg\" data-envira-src=\"https:\/\/ekologia.kpodr.pl\/wp-content\/uploads\/2025\/06\/11.-Uczestnicy-konkursu-wiedzy-ekologicznej-\u2013-Zarzeczewo-640x480.jpg\" data-envira-gallery-id=\"1332\" data-envira-item-id=\"1343\" data-envira-caption=\"11.-Uczestnicy-konkursu-wiedzy-ekologicznej-&ndash;-Zarzeczewo\" alt=\"\" title=\"11.-Uczestnicy-konkursu-wiedzy-ekologicznej-\u2013-Zarzeczewo\"  itemprop=\"thumbnailUrl\" data-envira-srcset=\"https:\/\/ekologia.kpodr.pl\/wp-content\/uploads\/2025\/06\/11.-Uczestnicy-konkursu-wiedzy-ekologicznej-\u2013-Zarzeczewo-640x480.jpg 400w,https:\/\/ekologia.kpodr.pl\/wp-content\/uploads\/2025\/06\/11.-Uczestnicy-konkursu-wiedzy-ekologicznej-\u2013-Zarzeczewo-640x480.jpg 2x\" data-envira-width=\"300\" data-envira-height=\"225\" srcset=\"data:image\/gif;base64,R0lGODlhAQABAIAAAP\/\/\/\/\/\/\/yH5BAEKAAEALAAAAAABAAEAAAICTAEAOw==\" data-safe-src=\"data:image\/gif;base64,R0lGODlhAQABAIAAAP\/\/\/\/\/\/\/yH5BAEKAAEALAAAAAABAAEAAAICTAEAOw==\" \/><\/a><\/div><\/div><\/div><\/div><noscript><img decoding=\"async\" src=\"https:\/\/ekologia.kpodr.pl\/wp-content\/uploads\/2025\/06\/1.-Uczestnicy-konkursu-wiedzy-ekologicznej-\u2013-Zarzeczewo.jpg\" alt=\"\" \/><img decoding=\"async\" src=\"https:\/\/ekologia.kpodr.pl\/wp-content\/uploads\/2025\/06\/2.-Uczestnicy-konkursu-wiedzy-ekologicznej-\u2013-Zarzeczewo.jpg\" alt=\"\" \/><img decoding=\"async\" src=\"https:\/\/ekologia.kpodr.pl\/wp-content\/uploads\/2025\/06\/3.-Uczestnicy-konkursu-wiedzy-ekologicznej-\u2013-Zarzeczewo.jpg\" alt=\"\" \/><img decoding=\"async\" src=\"https:\/\/ekologia.kpodr.pl\/wp-content\/uploads\/2025\/06\/4.-Uczestnicy-konkursu-wiedzy-ekologicznej-\u2013-Zarzeczewo.jpg\" alt=\"\" \/><img decoding=\"async\" src=\"https:\/\/ekologia.kpodr.pl\/wp-content\/uploads\/2025\/06\/5.-Uczestnicy-konkursu-wiedzy-ekologicznej-\u2013-Zarzeczewo.jpg\" alt=\"\" \/><img decoding=\"async\" src=\"https:\/\/ekologia.kpodr.pl\/wp-content\/uploads\/2025\/06\/6.-Uczestnicy-konkursu-wiedzy-ekologicznej-\u2013-Zarzeczewo.jpg\" alt=\"\" \/><img decoding=\"async\" src=\"https:\/\/ekologia.kpodr.pl\/wp-content\/uploads\/2025\/06\/7.-Uczestnicy-konkursu-wiedzy-ekologicznej-\u2013-Zarzeczewo.jpg\" alt=\"\" \/><img decoding=\"async\" src=\"https:\/\/ekologia.kpodr.pl\/wp-content\/uploads\/2025\/06\/8.-Uczestnicy-konkursu-wiedzy-ekologicznej-\u2013-Zarzeczewo.jpg\" alt=\"\" \/><img decoding=\"async\" src=\"https:\/\/ekologia.kpodr.pl\/wp-content\/uploads\/2025\/06\/9.-Uczestnicy-konkursu-wiedzy-ekologicznej-\u2013-Zarzeczewo.jpg\" alt=\"\" \/><img decoding=\"async\" src=\"https:\/\/ekologia.kpodr.pl\/wp-content\/uploads\/2025\/06\/10.-Uczestnicy-konkursu-wiedzy-ekologicznej-\u2013-Zarzeczewo.jpg\" alt=\"\" \/><img decoding=\"async\" src=\"https:\/\/ekologia.kpodr.pl\/wp-content\/uploads\/2025\/06\/11.-Uczestnicy-konkursu-wiedzy-ekologicznej-\u2013-Zarzeczewo.jpg\" alt=\"\" \/><\/noscript>\n","protected":false},"excerpt":{"rendered":"<p>8 czerwca br. podczas targ\u00f3w organizowanych przez Kujawsko-Pomorski O\u015brodek Doradztwa Rolniczego, Oddzia\u0142 w Zarzeczewie pn. \u201eDNI OTWARTYCH DRZWI. Targi Rolno-Budowlane\u201d zorganizowano konkurs wiedzy ekologicznej pn. \u201eZ ekologi\u0105 na co dzie\u0144\u201d. Celem konkursu by\u0142o podniesienie wiedzy i \u015bwiadomo\u015bci mieszka\u0144c\u00f3w wojew\u00f3dztwa kujawsko-pomorskiego w zakresie ekologii i ochrony \u015brodowiska. Pogoda sprzyja\u0142a uczestnikom targ\u00f3w, kt\u00f3rzy r\u00f3wnie ch\u0119tnie i z [&hellip;]<\/p>\n","protected":false},"author":3,"featured_media":1337,"comment_status":"closed","ping_status":"closed","sticky":false,"template":"","format":"standard","meta":{"footnotes":""},"categories":[8],"tags":[34,35,6,73,53,69,79],"class_list":["post-1344","post","type-post","status-publish","format-standard","has-post-thumbnail","hentry","category-wydarzenia","tag-bioroznorodnosc","tag-ekologia","tag-kpodr","tag-ochrona-srodowiska","tag-rolnictwo-ekologiczne","tag-wfosigw","tag-ziola-2"],"blocksy_meta":[],"_links":{"self":[{"href":"https:\/\/ekologia.kpodr.pl\/index.php\/wp-json\/wp\/v2\/posts\/1344","targetHints":{"allow":["GET"]}}],"collection":[{"href":"https:\/\/ekologia.kpodr.pl\/index.php\/wp-json\/wp\/v2\/posts"}],"about":[{"href":"https:\/\/ekologia.kpodr.pl\/index.php\/wp-json\/wp\/v2\/types\/post"}],"author":[{"embeddable":true,"href":"https:\/\/ekologia.kpodr.pl\/index.php\/wp-json\/wp\/v2\/users\/3"}],"replies":[{"embeddable":true,"href":"https:\/\/ekologia.kpodr.pl\/index.php\/wp-json\/wp\/v2\/comments?post=1344"}],"version-history":[{"count":1,"href":"https:\/\/ekologia.kpodr.pl\/index.php\/wp-json\/wp\/v2\/posts\/1344\/revisions"}],"predecessor-version":[{"id":1345,"href":"https:\/\/ekologia.kpodr.pl\/index.php\/wp-json\/wp\/v2\/posts\/1344\/revisions\/1345"}],"wp:featuredmedia":[{"embeddable":true,"href":"https:\/\/ekologia.kpodr.pl\/index.php\/wp-json\/wp\/v2\/media\/1337"}],"wp:attachment":[{"href":"https:\/\/ekologia.kpodr.pl\/index.php\/wp-json\/wp\/v2\/media?parent=1344"}],"wp:term":[{"taxonomy":"category","embeddable":true,"href":"https:\/\/ekologia.kpodr.pl\/index.php\/wp-json\/wp\/v2\/categories?post=1344"},{"taxonomy":"post_tag","embeddable":true,"href":"https:\/\/ekologia.kpodr.pl\/index.php\/wp-json\/wp\/v2\/tags?post=1344"}],"curies":[{"name":"wp","href":"https:\/\/api.w.org\/{rel}","templated":true}]}}