{"id":1249,"date":"2025-05-28T12:22:03","date_gmt":"2025-05-28T10:22:03","guid":{"rendered":"https:\/\/ekologia.kpodr.pl\/?p=1249"},"modified":"2025-05-30T12:30:25","modified_gmt":"2025-05-30T10:30:25","slug":"dbajmy-o-bioroznorodnosc-spotkania-z-przyroda","status":"publish","type":"post","link":"https:\/\/ekologia.kpodr.pl\/index.php\/2025\/05\/28\/dbajmy-o-bioroznorodnosc-spotkania-z-przyroda\/","title":{"rendered":"Dbajmy o bior\u00f3\u017cnorodno\u015b\u0107 \u2013 spotkania z przyrod\u0105"},"content":{"rendered":"<p><img fetchpriority=\"high\" decoding=\"async\" class=\"aligncenter size-full wp-image-67115\" src=\"https:\/\/www.kpodr.pl\/wp-content\/uploads\/2025\/05\/wfosigw.jpg\" alt=\"\" width=\"686\" height=\"83\" data-id=\"67115\" \/><\/p>\n<p><strong>27 maja odby\u0142y si\u0119 warsztaty przyrodnicze pn. \u201eDbajmy o bior\u00f3\u017cnorodno\u015b\u0107 \u2013 spotkania z przyrod\u0105\u201d. Zaj\u0119cia zorganizowane przez Kujawsko-Pomorski O\u015brodek Doradztwa Rolniczego w Minikowie by\u0142y cz\u0119\u015bci\u0105 projektu pn. \u201e<\/strong><strong>Ekologia i bior\u00f3\u017cnorodno\u015b\u0107 sprzymierze\u0144cem cz\u0142owieka \u2013 kampania edukacyjno-informacyjna dla mieszka\u0144c\u00f3w wojew\u00f3dztwa kujawsko-pomorskiego\u201d<\/strong><strong>, kt\u00f3ry wsp\u00f3\u0142finansowany jest przez Wojew\u00f3dzki Fundusz Ochrony \u015arodowiska i Gospodarki Wodnej w Toruniu.<\/strong><\/p>\n<p>Warsztaty skierowane by\u0142y do uczni\u00f3w klas 1-3 szk\u00f3\u0142 podstawowych. W spotkaniu wzi\u0119\u0142y udzia\u0142 dzieci\u00a0 ze Szko\u0142y Podstawowej im. Komisji Edukacji Narodowej w Strzelewie. Zaj\u0119cia prowadzi\u0142a Marta Po\u0142a, kt\u00f3ra jest pracownikiem dzia\u0142u Rolnictwa Ekologicznego i Ochrony \u015arodowiska w Kujawsko-Pomorskim O\u015brodku Doradztwa Rolniczego w Minikowie.<\/p>\n<p>Zaj\u0119cia rozpocz\u0119\u0142y si\u0119 kr\u00f3tk\u0105 prezentacj\u0105 o bior\u00f3\u017cnorodno\u015bci i prac\u0105 w grupach. Nast\u0119pnie dzieci uda\u0142y si\u0119 na spacer, podczas kt\u00f3rego odkrywa\u0142y okoliczn\u0105 przyrod\u0119 uczestnicz\u0105c w zadaniach terenowych. Z zebranych na spacerze materia\u0142\u00f3w uczestnicy wykonali prace plastyczne, woreczki zapachowe, kt\u00f3re barwione by\u0142y kwiatami i listkami. Podczas zaj\u0119\u0107 zwr\u00f3cono uwag\u0119 na elementy przyrody, kt\u00f3re charakteryzuj\u0105 si\u0119 du\u017c\u0105 bior\u00f3\u017cnorodno\u015bci\u0105. Dzieci dowiedzia\u0142y si\u0119 dlaczego warto chroni\u0107 i dba\u0107 o bogactwo biologiczne, zadawa\u0142y du\u017co pyta\u0144 i ch\u0119tnie odpowiada\u0142y na pytania. Szczeg\u00f3ln\u0105 uwag\u0119 po\u015bwi\u0119cono korzy\u015bciom jakie dla cz\u0142owieka i \u015brodowiska odgrywaj\u0105 lasy. Przedstawiono struktur\u0119 pi\u0119ter lasu, elementy, kt\u00f3re je tworz\u0105 oraz mieszka\u0144c\u00f3w jacy je zasiedlaj\u0105. Na koniec dzieci samodzielnie wykona\u0142y sw\u00f3j las w s\u0142oiku, odwzorowuj\u0105c odpowiednie warstwy pod\u0142o\u017ca, sadz\u0105c ro\u015blinki i dekoruj\u0105c powsta\u0142e kompozycje.<\/p>\n<p>Takie spotkania to idealna okazja do wyrabiania w\u015br\u00f3d dzieci nawyk\u00f3w obserwacji przyrody. Zaj\u0119cia ucz\u0105 o warto\u015bci \u015brodowiska przyrodniczego, zwracaj\u0105 uwag\u0119 dzieci na otaczaj\u0105c\u0105 ich natur\u0119, rozwijaj\u0105c jednocze\u015bnie zdolno\u015bci manualne i wyobra\u017anie. To wyj\u0105tkowa okazja do nauki poprzez zabaw\u0119. Dzieci na zaj\u0119ciach przekona\u0142y si\u0119 jak wa\u017cn\u0105 rol\u0119 w \u017cyciu odgrywa bior\u00f3\u017cnorodno\u015b\u0107 oraz, \u017ce troska o ni\u0105 to zadanie ka\u017cdego z nas.<\/p>\n<p><code id=\"envira_shortcode_id_1252\"><div id=\"envira-gallery-wrap-1252\" class=\"envira-gallery-wrap envira-gallery-theme-base envira-lightbox-theme-base\" itemscope itemtype=\"https:\/\/schema.org\/ImageGallery\"><div data-row-height=\"150\" data-gallery-theme=\"normal\" id=\"envira-gallery-1252\" class=\"envira-gallery-public envira-gallery-justified-public envira-gallery-0-columns envira-clear enviratope envira-gallery-css-animations\" data-envira-columns=\"0\"><div id=\"envira-gallery-item-1253\" class=\"envira-gallery-item enviratope-item envira-gallery-item-1 envira-lazy-load\" style=\"padding-left: 5px; padding-bottom: 10px; padding-right: 5px;\"  itemscope itemtype=\"https:\/\/schema.org\/ImageObject\"><div class=\"envira-gallery-item-inner\"><div class=\"envira-gallery-position-overlay  envira-gallery-top-left\"><\/div><div class=\"envira-gallery-position-overlay  envira-gallery-top-right\"><\/div><div class=\"envira-gallery-position-overlay  envira-gallery-bottom-left\"><\/div><div class=\"envira-gallery-position-overlay  envira-gallery-bottom-right\"><\/div><a href=\"https:\/\/ekologia.kpodr.pl\/wp-content\/uploads\/2025\/05\/Barwienie-materialu-platkami-kwiatow.jpg\" class=\"envira-gallery-1252 envira-gallery-link\" rel=\"enviragallery1252\" title=\"Barwienie materia\u0142u p\u0142atkami kwiat&oacute;w\" data-envira-caption=\"Barwienie materia\u0142u p\u0142atkami kwiat&oacute;w\" data-envira-retina=\"\" data-thumbnail=\"\"  itemprop=\"contentUrl\"><img decoding=\"async\" id=\"envira-gallery-image-1253\" class=\"envira-gallery-image envira-gallery-image-1 envira-normal envira-lazy\" data-envira-index=\"1\" src=\"https:\/\/ekologia.kpodr.pl\/wp-content\/uploads\/2025\/05\/Barwienie-materialu-platkami-kwiatow-640x480.jpg\" data-envira-src=\"https:\/\/ekologia.kpodr.pl\/wp-content\/uploads\/2025\/05\/Barwienie-materialu-platkami-kwiatow-640x480.jpg\" data-envira-gallery-id=\"1252\" data-envira-item-id=\"1253\" data-envira-caption=\"Barwienie materia\u0142u p\u0142atkami kwiat&oacute;w\" alt=\"\" title=\"Barwienie materia\u0142u p\u0142atkami kwiat\u00f3w\"  itemprop=\"thumbnailUrl\" data-envira-srcset=\"https:\/\/ekologia.kpodr.pl\/wp-content\/uploads\/2025\/05\/Barwienie-materialu-platkami-kwiatow-640x480.jpg 400w,https:\/\/ekologia.kpodr.pl\/wp-content\/uploads\/2025\/05\/Barwienie-materialu-platkami-kwiatow-640x480.jpg 2x\" data-envira-width=\"225\" data-envira-height=\"300\" srcset=\"data:image\/gif;base64,R0lGODlhAQABAIAAAP\/\/\/\/\/\/\/yH5BAEKAAEALAAAAAABAAEAAAICTAEAOw==\" data-safe-src=\"data:image\/gif;base64,R0lGODlhAQABAIAAAP\/\/\/\/\/\/\/yH5BAEKAAEALAAAAAABAAEAAAICTAEAOw==\" \/><\/a><\/div><\/div><div id=\"envira-gallery-item-1254\" class=\"envira-gallery-item enviratope-item envira-gallery-item-2 envira-lazy-load\" style=\"padding-left: 5px; padding-bottom: 10px; padding-right: 5px;\"  itemscope itemtype=\"https:\/\/schema.org\/ImageObject\"><div class=\"envira-gallery-item-inner\"><div class=\"envira-gallery-position-overlay  envira-gallery-top-left\"><\/div><div class=\"envira-gallery-position-overlay  envira-gallery-top-right\"><\/div><div class=\"envira-gallery-position-overlay  envira-gallery-bottom-left\"><\/div><div class=\"envira-gallery-position-overlay  envira-gallery-bottom-right\"><\/div><a href=\"https:\/\/ekologia.kpodr.pl\/wp-content\/uploads\/2025\/05\/Bioroznorodnosc-wokol-nas.jpg\" class=\"envira-gallery-1252 envira-gallery-link\" rel=\"enviragallery1252\" title=\"Bior&oacute;\u017cnorodno\u015bc wok&oacute;\u0142 nas\" data-envira-caption=\"Bior&oacute;\u017cnorodno\u015bc wok&oacute;\u0142 nas\" data-envira-retina=\"\" data-thumbnail=\"\"  itemprop=\"contentUrl\"><img decoding=\"async\" id=\"envira-gallery-image-1254\" class=\"envira-gallery-image envira-gallery-image-2 envira-normal envira-lazy\" data-envira-index=\"2\" src=\"https:\/\/ekologia.kpodr.pl\/wp-content\/uploads\/2025\/05\/Bioroznorodnosc-wokol-nas-640x480.jpg\" data-envira-src=\"https:\/\/ekologia.kpodr.pl\/wp-content\/uploads\/2025\/05\/Bioroznorodnosc-wokol-nas-640x480.jpg\" data-envira-gallery-id=\"1252\" data-envira-item-id=\"1254\" data-envira-caption=\"Bior&oacute;\u017cnorodno\u015bc wok&oacute;\u0142 nas\" alt=\"\" title=\"Bior\u00f3\u017cnorodno\u015bc wok\u00f3\u0142 nas\"  itemprop=\"thumbnailUrl\" data-envira-srcset=\"https:\/\/ekologia.kpodr.pl\/wp-content\/uploads\/2025\/05\/Bioroznorodnosc-wokol-nas-640x480.jpg 400w,https:\/\/ekologia.kpodr.pl\/wp-content\/uploads\/2025\/05\/Bioroznorodnosc-wokol-nas-640x480.jpg 2x\" data-envira-width=\"225\" data-envira-height=\"300\" srcset=\"data:image\/gif;base64,R0lGODlhAQABAIAAAP\/\/\/\/\/\/\/yH5BAEKAAEALAAAAAABAAEAAAICTAEAOw==\" data-safe-src=\"data:image\/gif;base64,R0lGODlhAQABAIAAAP\/\/\/\/\/\/\/yH5BAEKAAEALAAAAAABAAEAAAICTAEAOw==\" \/><\/a><\/div><\/div><div id=\"envira-gallery-item-1255\" class=\"envira-gallery-item enviratope-item envira-gallery-item-3 envira-lazy-load\" style=\"padding-left: 5px; padding-bottom: 10px; padding-right: 5px;\"  itemscope itemtype=\"https:\/\/schema.org\/ImageObject\"><div class=\"envira-gallery-item-inner\"><div class=\"envira-gallery-position-overlay  envira-gallery-top-left\"><\/div><div class=\"envira-gallery-position-overlay  envira-gallery-top-right\"><\/div><div class=\"envira-gallery-position-overlay  envira-gallery-bottom-left\"><\/div><div class=\"envira-gallery-position-overlay  envira-gallery-bottom-right\"><\/div><a href=\"https:\/\/ekologia.kpodr.pl\/wp-content\/uploads\/2025\/05\/Dzieci-podczas-warsztatow-tworzenia-woreczkow-zapachowych.jpg\" class=\"envira-gallery-1252 envira-gallery-link\" rel=\"enviragallery1252\" title=\"Dzieci podczas warsztat&oacute;w tworzenia woreczk&oacute;w zapachowych\" data-envira-caption=\"Dzieci podczas warsztat&oacute;w tworzenia woreczk&oacute;w zapachowych\" data-envira-retina=\"\" data-thumbnail=\"\"  itemprop=\"contentUrl\"><img decoding=\"async\" id=\"envira-gallery-image-1255\" class=\"envira-gallery-image envira-gallery-image-3 envira-normal envira-lazy\" data-envira-index=\"3\" src=\"https:\/\/ekologia.kpodr.pl\/wp-content\/uploads\/2025\/05\/Dzieci-podczas-warsztatow-tworzenia-woreczkow-zapachowych-640x480.jpg\" data-envira-src=\"https:\/\/ekologia.kpodr.pl\/wp-content\/uploads\/2025\/05\/Dzieci-podczas-warsztatow-tworzenia-woreczkow-zapachowych-640x480.jpg\" data-envira-gallery-id=\"1252\" data-envira-item-id=\"1255\" data-envira-caption=\"Dzieci podczas warsztat&oacute;w tworzenia woreczk&oacute;w zapachowych\" alt=\"\" title=\"Dzieci podczas warsztat\u00f3w tworzenia woreczk\u00f3w zapachowych\"  itemprop=\"thumbnailUrl\" data-envira-srcset=\"https:\/\/ekologia.kpodr.pl\/wp-content\/uploads\/2025\/05\/Dzieci-podczas-warsztatow-tworzenia-woreczkow-zapachowych-640x480.jpg 400w,https:\/\/ekologia.kpodr.pl\/wp-content\/uploads\/2025\/05\/Dzieci-podczas-warsztatow-tworzenia-woreczkow-zapachowych-640x480.jpg 2x\" data-envira-width=\"169\" data-envira-height=\"300\" srcset=\"data:image\/gif;base64,R0lGODlhAQABAIAAAP\/\/\/\/\/\/\/yH5BAEKAAEALAAAAAABAAEAAAICTAEAOw==\" data-safe-src=\"data:image\/gif;base64,R0lGODlhAQABAIAAAP\/\/\/\/\/\/\/yH5BAEKAAEALAAAAAABAAEAAAICTAEAOw==\" \/><\/a><\/div><\/div><div id=\"envira-gallery-item-1256\" class=\"envira-gallery-item enviratope-item envira-gallery-item-4 envira-lazy-load\" style=\"padding-left: 5px; padding-bottom: 10px; padding-right: 5px;\"  itemscope itemtype=\"https:\/\/schema.org\/ImageObject\"><div class=\"envira-gallery-item-inner\"><div class=\"envira-gallery-position-overlay  envira-gallery-top-left\"><\/div><div class=\"envira-gallery-position-overlay  envira-gallery-top-right\"><\/div><div class=\"envira-gallery-position-overlay  envira-gallery-bottom-left\"><\/div><div class=\"envira-gallery-position-overlay  envira-gallery-bottom-right\"><\/div><a href=\"https:\/\/ekologia.kpodr.pl\/wp-content\/uploads\/2025\/05\/Dzieci-w-trakcie-pracy-w-grupach.jpg\" class=\"envira-gallery-1252 envira-gallery-link\" rel=\"enviragallery1252\" title=\"Dzieci w trakcie pracy w grupach\" data-envira-caption=\"Dzieci w trakcie pracy w grupach\" data-envira-retina=\"\" data-thumbnail=\"\"  itemprop=\"contentUrl\"><img decoding=\"async\" id=\"envira-gallery-image-1256\" class=\"envira-gallery-image envira-gallery-image-4 envira-normal envira-lazy\" data-envira-index=\"4\" src=\"https:\/\/ekologia.kpodr.pl\/wp-content\/uploads\/2025\/05\/Dzieci-w-trakcie-pracy-w-grupach-640x480.jpg\" data-envira-src=\"https:\/\/ekologia.kpodr.pl\/wp-content\/uploads\/2025\/05\/Dzieci-w-trakcie-pracy-w-grupach-640x480.jpg\" data-envira-gallery-id=\"1252\" data-envira-item-id=\"1256\" data-envira-caption=\"Dzieci w trakcie pracy w grupach\" alt=\"\" title=\"Dzieci w trakcie pracy w grupach\"  itemprop=\"thumbnailUrl\" data-envira-srcset=\"https:\/\/ekologia.kpodr.pl\/wp-content\/uploads\/2025\/05\/Dzieci-w-trakcie-pracy-w-grupach-640x480.jpg 400w,https:\/\/ekologia.kpodr.pl\/wp-content\/uploads\/2025\/05\/Dzieci-w-trakcie-pracy-w-grupach-640x480.jpg 2x\" data-envira-width=\"169\" data-envira-height=\"300\" srcset=\"data:image\/gif;base64,R0lGODlhAQABAIAAAP\/\/\/\/\/\/\/yH5BAEKAAEALAAAAAABAAEAAAICTAEAOw==\" data-safe-src=\"data:image\/gif;base64,R0lGODlhAQABAIAAAP\/\/\/\/\/\/\/yH5BAEKAAEALAAAAAABAAEAAAICTAEAOw==\" \/><\/a><\/div><\/div><div id=\"envira-gallery-item-1257\" class=\"envira-gallery-item enviratope-item envira-gallery-item-5 envira-lazy-load\" style=\"padding-left: 5px; padding-bottom: 10px; padding-right: 5px;\"  itemscope itemtype=\"https:\/\/schema.org\/ImageObject\"><div class=\"envira-gallery-item-inner\"><div class=\"envira-gallery-position-overlay  envira-gallery-top-left\"><\/div><div class=\"envira-gallery-position-overlay  envira-gallery-top-right\"><\/div><div class=\"envira-gallery-position-overlay  envira-gallery-bottom-left\"><\/div><div class=\"envira-gallery-position-overlay  envira-gallery-bottom-right\"><\/div><a href=\"https:\/\/ekologia.kpodr.pl\/wp-content\/uploads\/2025\/05\/Dzieci-w-trakcie-sadzenia-lasu-w-sloiku.jpg\" class=\"envira-gallery-1252 envira-gallery-link\" rel=\"enviragallery1252\" title=\"Dzieci w trakcie sadzenia lasu w s\u0142oiku\" data-envira-caption=\"Dzieci w trakcie sadzenia lasu w s\u0142oiku\" data-envira-retina=\"\" data-thumbnail=\"\"  itemprop=\"contentUrl\"><img decoding=\"async\" id=\"envira-gallery-image-1257\" class=\"envira-gallery-image envira-gallery-image-5 envira-normal envira-lazy\" data-envira-index=\"5\" src=\"https:\/\/ekologia.kpodr.pl\/wp-content\/uploads\/2025\/05\/Dzieci-w-trakcie-sadzenia-lasu-w-sloiku-640x480.jpg\" data-envira-src=\"https:\/\/ekologia.kpodr.pl\/wp-content\/uploads\/2025\/05\/Dzieci-w-trakcie-sadzenia-lasu-w-sloiku-640x480.jpg\" data-envira-gallery-id=\"1252\" data-envira-item-id=\"1257\" data-envira-caption=\"Dzieci w trakcie sadzenia lasu w s\u0142oiku\" alt=\"\" title=\"Dzieci w trakcie sadzenia lasu w s\u0142oiku\"  itemprop=\"thumbnailUrl\" data-envira-srcset=\"https:\/\/ekologia.kpodr.pl\/wp-content\/uploads\/2025\/05\/Dzieci-w-trakcie-sadzenia-lasu-w-sloiku-640x480.jpg 400w,https:\/\/ekologia.kpodr.pl\/wp-content\/uploads\/2025\/05\/Dzieci-w-trakcie-sadzenia-lasu-w-sloiku-640x480.jpg 2x\" data-envira-width=\"225\" data-envira-height=\"300\" srcset=\"data:image\/gif;base64,R0lGODlhAQABAIAAAP\/\/\/\/\/\/\/yH5BAEKAAEALAAAAAABAAEAAAICTAEAOw==\" data-safe-src=\"data:image\/gif;base64,R0lGODlhAQABAIAAAP\/\/\/\/\/\/\/yH5BAEKAAEALAAAAAABAAEAAAICTAEAOw==\" \/><\/a><\/div><\/div><div id=\"envira-gallery-item-1258\" class=\"envira-gallery-item enviratope-item envira-gallery-item-6 envira-lazy-load\" style=\"padding-left: 5px; padding-bottom: 10px; padding-right: 5px;\"  itemscope itemtype=\"https:\/\/schema.org\/ImageObject\"><div class=\"envira-gallery-item-inner\"><div class=\"envira-gallery-position-overlay  envira-gallery-top-left\"><\/div><div class=\"envira-gallery-position-overlay  envira-gallery-top-right\"><\/div><div class=\"envira-gallery-position-overlay  envira-gallery-bottom-left\"><\/div><div class=\"envira-gallery-position-overlay  envira-gallery-bottom-right\"><\/div><a href=\"https:\/\/ekologia.kpodr.pl\/wp-content\/uploads\/2025\/05\/Dzieci-w-trakcie-warsztatow.jpg\" class=\"envira-gallery-1252 envira-gallery-link\" rel=\"enviragallery1252\" title=\"Dzieci w trakcie warsztat&oacute;w\" data-envira-caption=\"Dzieci w trakcie warsztat&oacute;w\" data-envira-retina=\"\" data-thumbnail=\"\"  itemprop=\"contentUrl\"><img decoding=\"async\" id=\"envira-gallery-image-1258\" class=\"envira-gallery-image envira-gallery-image-6 envira-normal envira-lazy\" data-envira-index=\"6\" src=\"https:\/\/ekologia.kpodr.pl\/wp-content\/uploads\/2025\/05\/Dzieci-w-trakcie-warsztatow-640x480.jpg\" data-envira-src=\"https:\/\/ekologia.kpodr.pl\/wp-content\/uploads\/2025\/05\/Dzieci-w-trakcie-warsztatow-640x480.jpg\" data-envira-gallery-id=\"1252\" data-envira-item-id=\"1258\" data-envira-caption=\"Dzieci w trakcie warsztat&oacute;w\" alt=\"\" title=\"Dzieci w trakcie warsztat\u00f3w\"  itemprop=\"thumbnailUrl\" data-envira-srcset=\"https:\/\/ekologia.kpodr.pl\/wp-content\/uploads\/2025\/05\/Dzieci-w-trakcie-warsztatow-640x480.jpg 400w,https:\/\/ekologia.kpodr.pl\/wp-content\/uploads\/2025\/05\/Dzieci-w-trakcie-warsztatow-640x480.jpg 2x\" data-envira-width=\"225\" data-envira-height=\"300\" srcset=\"data:image\/gif;base64,R0lGODlhAQABAIAAAP\/\/\/\/\/\/\/yH5BAEKAAEALAAAAAABAAEAAAICTAEAOw==\" data-safe-src=\"data:image\/gif;base64,R0lGODlhAQABAIAAAP\/\/\/\/\/\/\/yH5BAEKAAEALAAAAAABAAEAAAICTAEAOw==\" \/><\/a><\/div><\/div><div id=\"envira-gallery-item-1259\" class=\"envira-gallery-item enviratope-item envira-gallery-item-7 envira-lazy-load\" style=\"padding-left: 5px; padding-bottom: 10px; padding-right: 5px;\"  itemscope itemtype=\"https:\/\/schema.org\/ImageObject\"><div class=\"envira-gallery-item-inner\"><div class=\"envira-gallery-position-overlay  envira-gallery-top-left\"><\/div><div class=\"envira-gallery-position-overlay  envira-gallery-top-right\"><\/div><div class=\"envira-gallery-position-overlay  envira-gallery-bottom-left\"><\/div><div class=\"envira-gallery-position-overlay  envira-gallery-bottom-right\"><\/div><a href=\"https:\/\/ekologia.kpodr.pl\/wp-content\/uploads\/2025\/05\/Gotowe-lasy-w-sloiku.jpg\" class=\"envira-gallery-1252 envira-gallery-link\" rel=\"enviragallery1252\" title=\"Gotowe lasy w s\u0142oiku\" data-envira-caption=\"Gotowe lasy w s\u0142oiku\" data-envira-retina=\"\" data-thumbnail=\"\"  itemprop=\"contentUrl\"><img decoding=\"async\" id=\"envira-gallery-image-1259\" class=\"envira-gallery-image envira-gallery-image-7 envira-normal envira-lazy\" data-envira-index=\"7\" src=\"https:\/\/ekologia.kpodr.pl\/wp-content\/uploads\/2025\/05\/Gotowe-lasy-w-sloiku-640x480.jpg\" data-envira-src=\"https:\/\/ekologia.kpodr.pl\/wp-content\/uploads\/2025\/05\/Gotowe-lasy-w-sloiku-640x480.jpg\" data-envira-gallery-id=\"1252\" data-envira-item-id=\"1259\" data-envira-caption=\"Gotowe lasy w s\u0142oiku\" alt=\"\" title=\"Gotowe lasy w s\u0142oiku\"  itemprop=\"thumbnailUrl\" data-envira-srcset=\"https:\/\/ekologia.kpodr.pl\/wp-content\/uploads\/2025\/05\/Gotowe-lasy-w-sloiku-640x480.jpg 400w,https:\/\/ekologia.kpodr.pl\/wp-content\/uploads\/2025\/05\/Gotowe-lasy-w-sloiku-640x480.jpg 2x\" data-envira-width=\"169\" data-envira-height=\"300\" srcset=\"data:image\/gif;base64,R0lGODlhAQABAIAAAP\/\/\/\/\/\/\/yH5BAEKAAEALAAAAAABAAEAAAICTAEAOw==\" data-safe-src=\"data:image\/gif;base64,R0lGODlhAQABAIAAAP\/\/\/\/\/\/\/yH5BAEKAAEALAAAAAABAAEAAAICTAEAOw==\" \/><\/a><\/div><\/div><div id=\"envira-gallery-item-1260\" class=\"envira-gallery-item enviratope-item envira-gallery-item-8 envira-lazy-load\" style=\"padding-left: 5px; padding-bottom: 10px; padding-right: 5px;\"  itemscope itemtype=\"https:\/\/schema.org\/ImageObject\"><div class=\"envira-gallery-item-inner\"><div class=\"envira-gallery-position-overlay  envira-gallery-top-left\"><\/div><div class=\"envira-gallery-position-overlay  envira-gallery-top-right\"><\/div><div class=\"envira-gallery-position-overlay  envira-gallery-bottom-left\"><\/div><div class=\"envira-gallery-position-overlay  envira-gallery-bottom-right\"><\/div><a href=\"https:\/\/ekologia.kpodr.pl\/wp-content\/uploads\/2025\/05\/Praca-w-grupach.jpg\" class=\"envira-gallery-1252 envira-gallery-link\" rel=\"enviragallery1252\" title=\"Praca w grupach.\" data-envira-caption=\"Praca w grupach.\" data-envira-retina=\"\" data-thumbnail=\"\"  itemprop=\"contentUrl\"><img decoding=\"async\" id=\"envira-gallery-image-1260\" class=\"envira-gallery-image envira-gallery-image-8 envira-normal envira-lazy\" data-envira-index=\"8\" src=\"https:\/\/ekologia.kpodr.pl\/wp-content\/uploads\/2025\/05\/Praca-w-grupach-640x480.jpg\" data-envira-src=\"https:\/\/ekologia.kpodr.pl\/wp-content\/uploads\/2025\/05\/Praca-w-grupach-640x480.jpg\" data-envira-gallery-id=\"1252\" data-envira-item-id=\"1260\" data-envira-caption=\"Praca w grupach.\" alt=\"\" title=\"Praca w grupach.\"  itemprop=\"thumbnailUrl\" data-envira-srcset=\"https:\/\/ekologia.kpodr.pl\/wp-content\/uploads\/2025\/05\/Praca-w-grupach-640x480.jpg 400w,https:\/\/ekologia.kpodr.pl\/wp-content\/uploads\/2025\/05\/Praca-w-grupach-640x480.jpg 2x\" data-envira-width=\"169\" data-envira-height=\"300\" srcset=\"data:image\/gif;base64,R0lGODlhAQABAIAAAP\/\/\/\/\/\/\/yH5BAEKAAEALAAAAAABAAEAAAICTAEAOw==\" data-safe-src=\"data:image\/gif;base64,R0lGODlhAQABAIAAAP\/\/\/\/\/\/\/yH5BAEKAAEALAAAAAABAAEAAAICTAEAOw==\" \/><\/a><\/div><\/div><div id=\"envira-gallery-item-1261\" class=\"envira-gallery-item enviratope-item envira-gallery-item-9 envira-lazy-load\" style=\"padding-left: 5px; padding-bottom: 10px; padding-right: 5px;\"  itemscope itemtype=\"https:\/\/schema.org\/ImageObject\"><div class=\"envira-gallery-item-inner\"><div class=\"envira-gallery-position-overlay  envira-gallery-top-left\"><\/div><div class=\"envira-gallery-position-overlay  envira-gallery-top-right\"><\/div><div class=\"envira-gallery-position-overlay  envira-gallery-bottom-left\"><\/div><div class=\"envira-gallery-position-overlay  envira-gallery-bottom-right\"><\/div><a href=\"https:\/\/ekologia.kpodr.pl\/wp-content\/uploads\/2025\/05\/Uczestnicy-w-trakcie-sadzenia-lasu-w-sloiku.jpg\" class=\"envira-gallery-1252 envira-gallery-link\" rel=\"enviragallery1252\" title=\"Uczestnicy w trakcie sadzenia lasu w s\u0142oiku\" data-envira-caption=\"Uczestnicy w trakcie sadzenia lasu w s\u0142oiku\" data-envira-retina=\"\" data-thumbnail=\"\"  itemprop=\"contentUrl\"><img decoding=\"async\" id=\"envira-gallery-image-1261\" class=\"envira-gallery-image envira-gallery-image-9 envira-normal envira-lazy\" data-envira-index=\"9\" src=\"https:\/\/ekologia.kpodr.pl\/wp-content\/uploads\/2025\/05\/Uczestnicy-w-trakcie-sadzenia-lasu-w-sloiku-640x480.jpg\" data-envira-src=\"https:\/\/ekologia.kpodr.pl\/wp-content\/uploads\/2025\/05\/Uczestnicy-w-trakcie-sadzenia-lasu-w-sloiku-640x480.jpg\" data-envira-gallery-id=\"1252\" data-envira-item-id=\"1261\" data-envira-caption=\"Uczestnicy w trakcie sadzenia lasu w s\u0142oiku\" alt=\"\" title=\"Uczestnicy w trakcie sadzenia lasu w s\u0142oiku\"  itemprop=\"thumbnailUrl\" data-envira-srcset=\"https:\/\/ekologia.kpodr.pl\/wp-content\/uploads\/2025\/05\/Uczestnicy-w-trakcie-sadzenia-lasu-w-sloiku-640x480.jpg 400w,https:\/\/ekologia.kpodr.pl\/wp-content\/uploads\/2025\/05\/Uczestnicy-w-trakcie-sadzenia-lasu-w-sloiku-640x480.jpg 2x\" data-envira-width=\"278\" data-envira-height=\"300\" srcset=\"data:image\/gif;base64,R0lGODlhAQABAIAAAP\/\/\/\/\/\/\/yH5BAEKAAEALAAAAAABAAEAAAICTAEAOw==\" data-safe-src=\"data:image\/gif;base64,R0lGODlhAQABAIAAAP\/\/\/\/\/\/\/yH5BAEKAAEALAAAAAABAAEAAAICTAEAOw==\" \/><\/a><\/div><\/div><div id=\"envira-gallery-item-1262\" class=\"envira-gallery-item enviratope-item envira-gallery-item-10 envira-lazy-load\" style=\"padding-left: 5px; padding-bottom: 10px; padding-right: 5px;\"  itemscope itemtype=\"https:\/\/schema.org\/ImageObject\"><div class=\"envira-gallery-item-inner\"><div class=\"envira-gallery-position-overlay  envira-gallery-top-left\"><\/div><div class=\"envira-gallery-position-overlay  envira-gallery-top-right\"><\/div><div class=\"envira-gallery-position-overlay  envira-gallery-bottom-left\"><\/div><div class=\"envira-gallery-position-overlay  envira-gallery-bottom-right\"><\/div><a href=\"https:\/\/ekologia.kpodr.pl\/wp-content\/uploads\/2025\/05\/Uczestnicy-warsztatow.jpg\" class=\"envira-gallery-1252 envira-gallery-link\" rel=\"enviragallery1252\" title=\"Uczestnicy warsztat&oacute;w\" data-envira-caption=\"Uczestnicy warsztat&oacute;w\" data-envira-retina=\"\" data-thumbnail=\"\"  itemprop=\"contentUrl\"><img decoding=\"async\" id=\"envira-gallery-image-1262\" class=\"envira-gallery-image envira-gallery-image-10 envira-normal envira-lazy\" data-envira-index=\"10\" src=\"https:\/\/ekologia.kpodr.pl\/wp-content\/uploads\/2025\/05\/Uczestnicy-warsztatow-640x480.jpg\" data-envira-src=\"https:\/\/ekologia.kpodr.pl\/wp-content\/uploads\/2025\/05\/Uczestnicy-warsztatow-640x480.jpg\" data-envira-gallery-id=\"1252\" data-envira-item-id=\"1262\" data-envira-caption=\"Uczestnicy warsztat&oacute;w\" alt=\"\" title=\"Uczestnicy warsztat\u00f3w\"  itemprop=\"thumbnailUrl\" data-envira-srcset=\"https:\/\/ekologia.kpodr.pl\/wp-content\/uploads\/2025\/05\/Uczestnicy-warsztatow-640x480.jpg 400w,https:\/\/ekologia.kpodr.pl\/wp-content\/uploads\/2025\/05\/Uczestnicy-warsztatow-640x480.jpg 2x\" data-envira-width=\"300\" data-envira-height=\"225\" srcset=\"data:image\/gif;base64,R0lGODlhAQABAIAAAP\/\/\/\/\/\/\/yH5BAEKAAEALAAAAAABAAEAAAICTAEAOw==\" data-safe-src=\"data:image\/gif;base64,R0lGODlhAQABAIAAAP\/\/\/\/\/\/\/yH5BAEKAAEALAAAAAABAAEAAAICTAEAOw==\" \/><\/a><\/div><\/div><div id=\"envira-gallery-item-1263\" class=\"envira-gallery-item enviratope-item envira-gallery-item-11 envira-lazy-load\" style=\"padding-left: 5px; padding-bottom: 10px; padding-right: 5px;\"  itemscope itemtype=\"https:\/\/schema.org\/ImageObject\"><div class=\"envira-gallery-item-inner\"><div class=\"envira-gallery-position-overlay  envira-gallery-top-left\"><\/div><div class=\"envira-gallery-position-overlay  envira-gallery-top-right\"><\/div><div class=\"envira-gallery-position-overlay  envira-gallery-bottom-left\"><\/div><div class=\"envira-gallery-position-overlay  envira-gallery-bottom-right\"><\/div><a href=\"https:\/\/ekologia.kpodr.pl\/wp-content\/uploads\/2025\/05\/Uczestnicy-zajec-terenowych.jpg\" class=\"envira-gallery-1252 envira-gallery-link\" rel=\"enviragallery1252\" title=\"Uczestnicy zaj\u0119\u0107 terenowych\" data-envira-caption=\"Uczestnicy zaj\u0119\u0107 terenowych\" data-envira-retina=\"\" data-thumbnail=\"\"  itemprop=\"contentUrl\"><img decoding=\"async\" id=\"envira-gallery-image-1263\" class=\"envira-gallery-image envira-gallery-image-11 envira-normal envira-lazy\" data-envira-index=\"11\" src=\"https:\/\/ekologia.kpodr.pl\/wp-content\/uploads\/2025\/05\/Uczestnicy-zajec-terenowych-640x480.jpg\" data-envira-src=\"https:\/\/ekologia.kpodr.pl\/wp-content\/uploads\/2025\/05\/Uczestnicy-zajec-terenowych-640x480.jpg\" data-envira-gallery-id=\"1252\" data-envira-item-id=\"1263\" data-envira-caption=\"Uczestnicy zaj\u0119\u0107 terenowych\" alt=\"\" title=\"Uczestnicy zaj\u0119\u0107 terenowych\"  itemprop=\"thumbnailUrl\" data-envira-srcset=\"https:\/\/ekologia.kpodr.pl\/wp-content\/uploads\/2025\/05\/Uczestnicy-zajec-terenowych-640x480.jpg 400w,https:\/\/ekologia.kpodr.pl\/wp-content\/uploads\/2025\/05\/Uczestnicy-zajec-terenowych-640x480.jpg 2x\" data-envira-width=\"169\" data-envira-height=\"300\" srcset=\"data:image\/gif;base64,R0lGODlhAQABAIAAAP\/\/\/\/\/\/\/yH5BAEKAAEALAAAAAABAAEAAAICTAEAOw==\" data-safe-src=\"data:image\/gif;base64,R0lGODlhAQABAIAAAP\/\/\/\/\/\/\/yH5BAEKAAEALAAAAAABAAEAAAICTAEAOw==\" \/><\/a><\/div><\/div><div id=\"envira-gallery-item-1264\" class=\"envira-gallery-item enviratope-item envira-gallery-item-12 envira-lazy-load\" style=\"padding-left: 5px; padding-bottom: 10px; padding-right: 5px;\"  itemscope itemtype=\"https:\/\/schema.org\/ImageObject\"><div class=\"envira-gallery-item-inner\"><div class=\"envira-gallery-position-overlay  envira-gallery-top-left\"><\/div><div class=\"envira-gallery-position-overlay  envira-gallery-top-right\"><\/div><div class=\"envira-gallery-position-overlay  envira-gallery-bottom-left\"><\/div><div class=\"envira-gallery-position-overlay  envira-gallery-bottom-right\"><\/div><a href=\"https:\/\/ekologia.kpodr.pl\/wp-content\/uploads\/2025\/05\/warsztat-Woreczki-zapachowe.jpg\" class=\"envira-gallery-1252 envira-gallery-link\" rel=\"enviragallery1252\" title=\"warsztat &amp;amp;#8211; Woreczki zapachowe\" data-envira-caption=\"warsztat &amp;amp;#8211; Woreczki zapachowe\" data-envira-retina=\"\" data-thumbnail=\"\"  itemprop=\"contentUrl\"><img decoding=\"async\" id=\"envira-gallery-image-1264\" class=\"envira-gallery-image envira-gallery-image-12 envira-normal envira-lazy\" data-envira-index=\"12\" src=\"https:\/\/ekologia.kpodr.pl\/wp-content\/uploads\/2025\/05\/warsztat-Woreczki-zapachowe-640x480.jpg\" data-envira-src=\"https:\/\/ekologia.kpodr.pl\/wp-content\/uploads\/2025\/05\/warsztat-Woreczki-zapachowe-640x480.jpg\" data-envira-gallery-id=\"1252\" data-envira-item-id=\"1264\" data-envira-caption=\"warsztat &amp;amp;#8211; Woreczki zapachowe\" alt=\"\" title=\"warsztat &amp;#8211; Woreczki zapachowe\"  itemprop=\"thumbnailUrl\" data-envira-srcset=\"https:\/\/ekologia.kpodr.pl\/wp-content\/uploads\/2025\/05\/warsztat-Woreczki-zapachowe-640x480.jpg 400w,https:\/\/ekologia.kpodr.pl\/wp-content\/uploads\/2025\/05\/warsztat-Woreczki-zapachowe-640x480.jpg 2x\" data-envira-width=\"225\" data-envira-height=\"300\" srcset=\"data:image\/gif;base64,R0lGODlhAQABAIAAAP\/\/\/\/\/\/\/yH5BAEKAAEALAAAAAABAAEAAAICTAEAOw==\" data-safe-src=\"data:image\/gif;base64,R0lGODlhAQABAIAAAP\/\/\/\/\/\/\/yH5BAEKAAEALAAAAAABAAEAAAICTAEAOw==\" \/><\/a><\/div><\/div><div id=\"envira-gallery-item-1265\" class=\"envira-gallery-item enviratope-item envira-gallery-item-13 envira-lazy-load\" style=\"padding-left: 5px; padding-bottom: 10px; padding-right: 5px;\"  itemscope itemtype=\"https:\/\/schema.org\/ImageObject\"><div class=\"envira-gallery-item-inner\"><div class=\"envira-gallery-position-overlay  envira-gallery-top-left\"><\/div><div class=\"envira-gallery-position-overlay  envira-gallery-top-right\"><\/div><div class=\"envira-gallery-position-overlay  envira-gallery-bottom-left\"><\/div><div class=\"envira-gallery-position-overlay  envira-gallery-bottom-right\"><\/div><a href=\"https:\/\/ekologia.kpodr.pl\/wp-content\/uploads\/2025\/05\/Zajecia-prkatyczne-Las-w-sloiku.jpg\" class=\"envira-gallery-1252 envira-gallery-link\" rel=\"enviragallery1252\" title=\"Zaj\u0119cia prkatyczne Las w s\u0142oiku\" data-envira-caption=\"Zaj\u0119cia prkatyczne Las w s\u0142oiku\" data-envira-retina=\"\" data-thumbnail=\"\"  itemprop=\"contentUrl\"><img decoding=\"async\" id=\"envira-gallery-image-1265\" class=\"envira-gallery-image envira-gallery-image-13 envira-normal envira-lazy\" data-envira-index=\"13\" src=\"https:\/\/ekologia.kpodr.pl\/wp-content\/uploads\/2025\/05\/Zajecia-prkatyczne-Las-w-sloiku-640x480.jpg\" data-envira-src=\"https:\/\/ekologia.kpodr.pl\/wp-content\/uploads\/2025\/05\/Zajecia-prkatyczne-Las-w-sloiku-640x480.jpg\" data-envira-gallery-id=\"1252\" data-envira-item-id=\"1265\" data-envira-caption=\"Zaj\u0119cia prkatyczne Las w s\u0142oiku\" alt=\"\" title=\"Zaj\u0119cia prkatyczne Las w s\u0142oiku\"  itemprop=\"thumbnailUrl\" data-envira-srcset=\"https:\/\/ekologia.kpodr.pl\/wp-content\/uploads\/2025\/05\/Zajecia-prkatyczne-Las-w-sloiku-640x480.jpg 400w,https:\/\/ekologia.kpodr.pl\/wp-content\/uploads\/2025\/05\/Zajecia-prkatyczne-Las-w-sloiku-640x480.jpg 2x\" data-envira-width=\"169\" data-envira-height=\"300\" srcset=\"data:image\/gif;base64,R0lGODlhAQABAIAAAP\/\/\/\/\/\/\/yH5BAEKAAEALAAAAAABAAEAAAICTAEAOw==\" data-safe-src=\"data:image\/gif;base64,R0lGODlhAQABAIAAAP\/\/\/\/\/\/\/yH5BAEKAAEALAAAAAABAAEAAAICTAEAOw==\" \/><\/a><\/div><\/div><div id=\"envira-gallery-item-1266\" class=\"envira-gallery-item enviratope-item envira-gallery-item-14 envira-lazy-load\" style=\"padding-left: 5px; padding-bottom: 10px; padding-right: 5px;\"  itemscope itemtype=\"https:\/\/schema.org\/ImageObject\"><div class=\"envira-gallery-item-inner\"><div class=\"envira-gallery-position-overlay  envira-gallery-top-left\"><\/div><div class=\"envira-gallery-position-overlay  envira-gallery-top-right\"><\/div><div class=\"envira-gallery-position-overlay  envira-gallery-bottom-left\"><\/div><div class=\"envira-gallery-position-overlay  envira-gallery-bottom-right\"><\/div><a href=\"https:\/\/ekologia.kpodr.pl\/wp-content\/uploads\/2025\/05\/Zajecia-terenowe.jpg\" class=\"envira-gallery-1252 envira-gallery-link\" rel=\"enviragallery1252\" title=\"Zaj\u0119cia terenowe\" data-envira-caption=\"Zaj\u0119cia terenowe\" data-envira-retina=\"\" data-thumbnail=\"\"  itemprop=\"contentUrl\"><img decoding=\"async\" id=\"envira-gallery-image-1266\" class=\"envira-gallery-image envira-gallery-image-14 envira-normal envira-lazy\" data-envira-index=\"14\" src=\"https:\/\/ekologia.kpodr.pl\/wp-content\/uploads\/2025\/05\/Zajecia-terenowe-640x480.jpg\" data-envira-src=\"https:\/\/ekologia.kpodr.pl\/wp-content\/uploads\/2025\/05\/Zajecia-terenowe-640x480.jpg\" data-envira-gallery-id=\"1252\" data-envira-item-id=\"1266\" data-envira-caption=\"Zaj\u0119cia terenowe\" alt=\"\" title=\"Zaj\u0119cia terenowe\"  itemprop=\"thumbnailUrl\" data-envira-srcset=\"https:\/\/ekologia.kpodr.pl\/wp-content\/uploads\/2025\/05\/Zajecia-terenowe-640x480.jpg 400w,https:\/\/ekologia.kpodr.pl\/wp-content\/uploads\/2025\/05\/Zajecia-terenowe-640x480.jpg 2x\" data-envira-width=\"169\" data-envira-height=\"300\" srcset=\"data:image\/gif;base64,R0lGODlhAQABAIAAAP\/\/\/\/\/\/\/yH5BAEKAAEALAAAAAABAAEAAAICTAEAOw==\" data-safe-src=\"data:image\/gif;base64,R0lGODlhAQABAIAAAP\/\/\/\/\/\/\/yH5BAEKAAEALAAAAAABAAEAAAICTAEAOw==\" \/><\/a><\/div><\/div><\/div><\/div><noscript><img decoding=\"async\" src=\"https:\/\/ekologia.kpodr.pl\/wp-content\/uploads\/2025\/05\/Barwienie-materialu-platkami-kwiatow.jpg\" alt=\"\" \/><img decoding=\"async\" src=\"https:\/\/ekologia.kpodr.pl\/wp-content\/uploads\/2025\/05\/Bioroznorodnosc-wokol-nas.jpg\" alt=\"\" \/><img decoding=\"async\" src=\"https:\/\/ekologia.kpodr.pl\/wp-content\/uploads\/2025\/05\/Dzieci-podczas-warsztatow-tworzenia-woreczkow-zapachowych.jpg\" alt=\"\" \/><img decoding=\"async\" src=\"https:\/\/ekologia.kpodr.pl\/wp-content\/uploads\/2025\/05\/Dzieci-w-trakcie-pracy-w-grupach.jpg\" alt=\"\" \/><img decoding=\"async\" src=\"https:\/\/ekologia.kpodr.pl\/wp-content\/uploads\/2025\/05\/Dzieci-w-trakcie-sadzenia-lasu-w-sloiku.jpg\" alt=\"\" \/><img decoding=\"async\" src=\"https:\/\/ekologia.kpodr.pl\/wp-content\/uploads\/2025\/05\/Dzieci-w-trakcie-warsztatow.jpg\" alt=\"\" \/><img decoding=\"async\" src=\"https:\/\/ekologia.kpodr.pl\/wp-content\/uploads\/2025\/05\/Gotowe-lasy-w-sloiku.jpg\" alt=\"\" \/><img decoding=\"async\" src=\"https:\/\/ekologia.kpodr.pl\/wp-content\/uploads\/2025\/05\/Praca-w-grupach.jpg\" alt=\"\" \/><img decoding=\"async\" src=\"https:\/\/ekologia.kpodr.pl\/wp-content\/uploads\/2025\/05\/Uczestnicy-w-trakcie-sadzenia-lasu-w-sloiku.jpg\" alt=\"\" \/><img decoding=\"async\" src=\"https:\/\/ekologia.kpodr.pl\/wp-content\/uploads\/2025\/05\/Uczestnicy-warsztatow.jpg\" alt=\"\" \/><img decoding=\"async\" src=\"https:\/\/ekologia.kpodr.pl\/wp-content\/uploads\/2025\/05\/Uczestnicy-zajec-terenowych.jpg\" alt=\"\" \/><img decoding=\"async\" src=\"https:\/\/ekologia.kpodr.pl\/wp-content\/uploads\/2025\/05\/warsztat-Woreczki-zapachowe.jpg\" alt=\"\" \/><img decoding=\"async\" src=\"https:\/\/ekologia.kpodr.pl\/wp-content\/uploads\/2025\/05\/Zajecia-prkatyczne-Las-w-sloiku.jpg\" alt=\"\" \/><img decoding=\"async\" src=\"https:\/\/ekologia.kpodr.pl\/wp-content\/uploads\/2025\/05\/Zajecia-terenowe.jpg\" alt=\"\" \/><\/noscript><\/code><\/p>\n<p>\u00a0<\/p>\n","protected":false},"excerpt":{"rendered":"<p>27 maja odby\u0142y si\u0119 warsztaty przyrodnicze pn. \u201eDbajmy o bior\u00f3\u017cnorodno\u015b\u0107 \u2013 spotkania z przyrod\u0105\u201d. Zaj\u0119cia zorganizowane przez Kujawsko-Pomorski O\u015brodek Doradztwa Rolniczego w Minikowie by\u0142y cz\u0119\u015bci\u0105 projektu pn. \u201eEkologia i bior\u00f3\u017cnorodno\u015b\u0107 sprzymierze\u0144cem cz\u0142owieka \u2013 kampania edukacyjno-informacyjna dla mieszka\u0144c\u00f3w wojew\u00f3dztwa kujawsko-pomorskiego\u201d, kt\u00f3ry wsp\u00f3\u0142finansowany jest przez Wojew\u00f3dzki Fundusz Ochrony \u015arodowiska i Gospodarki Wodnej w Toruniu. Warsztaty skierowane by\u0142y [&hellip;]<\/p>\n","protected":false},"author":3,"featured_media":1263,"comment_status":"closed","ping_status":"closed","sticky":false,"template":"","format":"standard","meta":{"footnotes":""},"categories":[8],"tags":[34,35,100,72,81,69],"class_list":["post-1249","post","type-post","status-publish","format-standard","has-post-thumbnail","hentry","category-wydarzenia","tag-bioroznorodnosc","tag-ekologia","tag-las-w-sloiku","tag-ochrona-przyrody","tag-warsztaty","tag-wfosigw"],"blocksy_meta":[],"_links":{"self":[{"href":"https:\/\/ekologia.kpodr.pl\/index.php\/wp-json\/wp\/v2\/posts\/1249","targetHints":{"allow":["GET"]}}],"collection":[{"href":"https:\/\/ekologia.kpodr.pl\/index.php\/wp-json\/wp\/v2\/posts"}],"about":[{"href":"https:\/\/ekologia.kpodr.pl\/index.php\/wp-json\/wp\/v2\/types\/post"}],"author":[{"embeddable":true,"href":"https:\/\/ekologia.kpodr.pl\/index.php\/wp-json\/wp\/v2\/users\/3"}],"replies":[{"embeddable":true,"href":"https:\/\/ekologia.kpodr.pl\/index.php\/wp-json\/wp\/v2\/comments?post=1249"}],"version-history":[{"count":1,"href":"https:\/\/ekologia.kpodr.pl\/index.php\/wp-json\/wp\/v2\/posts\/1249\/revisions"}],"predecessor-version":[{"id":1267,"href":"https:\/\/ekologia.kpodr.pl\/index.php\/wp-json\/wp\/v2\/posts\/1249\/revisions\/1267"}],"wp:featuredmedia":[{"embeddable":true,"href":"https:\/\/ekologia.kpodr.pl\/index.php\/wp-json\/wp\/v2\/media\/1263"}],"wp:attachment":[{"href":"https:\/\/ekologia.kpodr.pl\/index.php\/wp-json\/wp\/v2\/media?parent=1249"}],"wp:term":[{"taxonomy":"category","embeddable":true,"href":"https:\/\/ekologia.kpodr.pl\/index.php\/wp-json\/wp\/v2\/categories?post=1249"},{"taxonomy":"post_tag","embeddable":true,"href":"https:\/\/ekologia.kpodr.pl\/index.php\/wp-json\/wp\/v2\/tags?post=1249"}],"curies":[{"name":"wp","href":"https:\/\/api.w.org\/{rel}","templated":true}]}}