{"id":1212,"date":"2025-04-23T07:51:17","date_gmt":"2025-04-23T05:51:17","guid":{"rendered":"https:\/\/ekologia.kpodr.pl\/?p=1212"},"modified":"2025-04-23T07:51:17","modified_gmt":"2025-04-23T05:51:17","slug":"szkolenie-pn-zmiany-w-programie-czyste-powietrze","status":"publish","type":"post","link":"https:\/\/ekologia.kpodr.pl\/index.php\/2025\/04\/23\/szkolenie-pn-zmiany-w-programie-czyste-powietrze\/","title":{"rendered":"Szkolenie pn. \u201eZmiany w Programie Czyste Powietrze\u201d"},"content":{"rendered":"<p align=\"center\"><img fetchpriority=\"high\" decoding=\"async\" class=\"aligncenter size-full wp-image-65658\" src=\"https:\/\/www.kpodr.pl\/wp-content\/uploads\/2025\/04\/wfosigw.jpg\" alt=\"\" width=\"686\" height=\"83\" data-id=\"65658\" \/><\/p>\n<p><strong>18 kwietna br. Kujawsko-Pomorski O\u015brodek Doradztwa Rolniczego w Minikowie we wsp\u00f3\u0142pracy z Wojew\u00f3dzkim Funduszem Ochrony \u015arodowiska i Gospodarki Wodnej w Toruniu zorganizowa\u0142 szkolenie online pn. \u00a0\u201eZmiany w Programie Czyste Powietrze\u201d. W szkoleniu wzi\u0119\u0142o udzia\u0142 46 os\u00f3b.\u00a0<\/strong><\/p>\n<p>Pani Joanna Ciuba koordynator Zespo\u0142u Doradc\u00f3w Energetycznych WFO\u015aiGW w Toruniu w ramach \u201eProjektu Doradztwa Energetycznego\u201d przedstawi\u0142a uczestnikom program dofinasowania w nowej ods\u0142onie. Om\u00f3wi\u0142a co si\u0119 zmieni\u0142o po reformie, w jakiej wysoko\u015bci mo\u017cna obecnie otrzyma\u0107 dofinasowanie i kto z niego mo\u017ce skorzysta\u0107.<\/p>\n<p>Przypomnijmy tylko, i\u017c Program \u201eCzyste Powietrze\u201d zosta\u0142 uruchomiony w 2018 roku i zaplanowany jest do 2030 roku. W ci\u0105gu tego czasu przeszed\u0142 on wiele zmian, natomiast cel programu jest niezmienny, a mianowicie poprawa jako\u015bci powietrza, redukcja emisji gaz\u00f3w cieplarnianych oraz poprawa efektywno\u015bci energetycznej budynk\u00f3w.<\/p>\n<p>Uczestnicy szkolenia dowiedzieli si\u0119 jak wygl\u0105da obecny nab\u00f3r wniosk\u00f3w, kt\u00f3ry rozpocz\u0105\u0142 si\u0119 31 marca br., na co i w jakiej wysoko\u015bci mo\u017cna otrzyma\u0107 dofinasowanie oraz jakie warunki nale\u017cy spe\u0142nia\u0107, aby m\u00f3c uczestniczy\u0107 w Programie Czyste Powietrze.<\/p>\n<p>Po szkoleniu Joanna Ciuba odpowiada\u0142a na liczne pytania uczestnik\u00f3w.<\/p>\n<p>Zapraszamy do obejrzenia zapisu video szkolenia.<\/p>\n<p><iframe title=\"2025 04 18 CEST Zmiany w programie   Czyste powietrze\" src=\"https:\/\/www.youtube.com\/embed\/bvpRdrzHrPc?feature=oembed&amp;amp;wmode=transparent\" width=\"500\" height=\"281\" frameborder=\"0\" allowfullscreen=\"allowfullscreen\" data-mce-fragment=\"1\"><\/iframe><\/p>\n<p>Tekst: Natalia Czy\u017cewska-Sucho\u0144<\/p>\n","protected":false},"excerpt":{"rendered":"<p>18 kwietna br. Kujawsko-Pomorski O\u015brodek Doradztwa Rolniczego w Minikowie we wsp\u00f3\u0142pracy z Wojew\u00f3dzkim Funduszem Ochrony \u015arodowiska i Gospodarki Wodnej w Toruniu zorganizowa\u0142 szkolenie online pn. \u00a0\u201eZmiany w Programie Czyste Powietrze\u201d. W szkoleniu wzi\u0119\u0142o udzia\u0142 46 os\u00f3b.\u00a0 Pani Joanna Ciuba koordynator Zespo\u0142u Doradc\u00f3w Energetycznych WFO\u015aiGW w Toruniu w ramach \u201eProjektu Doradztwa Energetycznego\u201d przedstawi\u0142a uczestnikom program dofinasowania [&hellip;]<\/p>\n","protected":false},"author":3,"featured_media":1213,"comment_status":"closed","ping_status":"closed","sticky":false,"template":"","format":"standard","meta":{"footnotes":""},"categories":[8],"tags":[43,35,6,73,69],"class_list":["post-1212","post","type-post","status-publish","format-standard","has-post-thumbnail","hentry","category-wydarzenia","tag-czyste-powietrze","tag-ekologia","tag-kpodr","tag-ochrona-srodowiska","tag-wfosigw"],"blocksy_meta":[],"_links":{"self":[{"href":"https:\/\/ekologia.kpodr.pl\/index.php\/wp-json\/wp\/v2\/posts\/1212","targetHints":{"allow":["GET"]}}],"collection":[{"href":"https:\/\/ekologia.kpodr.pl\/index.php\/wp-json\/wp\/v2\/posts"}],"about":[{"href":"https:\/\/ekologia.kpodr.pl\/index.php\/wp-json\/wp\/v2\/types\/post"}],"author":[{"embeddable":true,"href":"https:\/\/ekologia.kpodr.pl\/index.php\/wp-json\/wp\/v2\/users\/3"}],"replies":[{"embeddable":true,"href":"https:\/\/ekologia.kpodr.pl\/index.php\/wp-json\/wp\/v2\/comments?post=1212"}],"version-history":[{"count":1,"href":"https:\/\/ekologia.kpodr.pl\/index.php\/wp-json\/wp\/v2\/posts\/1212\/revisions"}],"predecessor-version":[{"id":1214,"href":"https:\/\/ekologia.kpodr.pl\/index.php\/wp-json\/wp\/v2\/posts\/1212\/revisions\/1214"}],"wp:featuredmedia":[{"embeddable":true,"href":"https:\/\/ekologia.kpodr.pl\/index.php\/wp-json\/wp\/v2\/media\/1213"}],"wp:attachment":[{"href":"https:\/\/ekologia.kpodr.pl\/index.php\/wp-json\/wp\/v2\/media?parent=1212"}],"wp:term":[{"taxonomy":"category","embeddable":true,"href":"https:\/\/ekologia.kpodr.pl\/index.php\/wp-json\/wp\/v2\/categories?post=1212"},{"taxonomy":"post_tag","embeddable":true,"href":"https:\/\/ekologia.kpodr.pl\/index.php\/wp-json\/wp\/v2\/tags?post=1212"}],"curies":[{"name":"wp","href":"https:\/\/api.w.org\/{rel}","templated":true}]}}