{"id":1051,"date":"2025-03-12T14:07:40","date_gmt":"2025-03-12T13:07:40","guid":{"rendered":"https:\/\/ekologia.kpodr.pl\/?p=1051"},"modified":"2025-03-28T14:09:10","modified_gmt":"2025-03-28T13:09:10","slug":"forum-ochrony-srodowiska-konferencja-online","status":"publish","type":"post","link":"https:\/\/ekologia.kpodr.pl\/index.php\/2025\/03\/12\/forum-ochrony-srodowiska-konferencja-online\/","title":{"rendered":"\u201eFORUM OCHRONY \u015aRODOWISKA\u201d KONFERENCJA ONLINE"},"content":{"rendered":"<p><img fetchpriority=\"high\" decoding=\"async\" class=\"aligncenter size-full wp-image-64266\" src=\"https:\/\/www.kpodr.pl\/wp-content\/uploads\/2025\/02\/wfosigw.jpg\" alt=\"\" width=\"686\" height=\"83\" data-id=\"64266\" \/><\/p>\n<p><strong>11 marca 2025 roku w Kujawsko-Pomorskim O\u015brodku Doradztwa Rolniczego w Minikowie odby\u0142a si\u0119 konferencja online pn. \u201eForum Ochrony \u015arodowiska\u201d, kt\u00f3ra od lat cieszy si\u0119 du\u017cym zainteresowaniem, a jej tematyka na sta\u0142e wpisa\u0142a si\u0119 w program wydarze\u0144 organizowanych przez KPODR w Minikowie. To ju\u017c pi\u0119tnasta edycja konferencji, podczas kt\u00f3rej samorz\u0105dowcy, przedstawiciele firm komunalnych z wojew\u00f3dztwa kujawsko-pomorskiego mieli mo\u017cliwo\u015b\u0107 zapoznania si\u0119 z kolejnymi zmianami w zakresie gospodarki odpadami.<\/strong><\/p>\n<p>W ostatnich latach sytuacja w sektorze gospodarki odpadami ulega dynamicznym zmianom. Mimo podejmowania nieustannego wysi\u0142ku w d\u0105\u017ceniu do przystosowania krajowych przepis\u00f3w do porz\u0105dku unijnego \u2013 zarz\u0105dzanie odpadami w dalszym ci\u0105gu stanowi jeden z najtrudniejszych i najpowa\u017cniejszych problem\u00f3w, kt\u00f3ry wymaga natychmiastowej i kompleksowej regulacji. Brak uporz\u0105dkowania systemu gospodarki, du\u017ca ilo\u015b\u0107 powstaj\u0105cych odpad\u00f3w, zbyt ma\u0142a liczba instalacji, do tego nowe obowi\u0105zki sprawozdawcze, to tylko niekt\u00f3re z problem\u00f3w obserwowanych przez lokalne samorz\u0105dy. Na te i inne problemy, pr\u00f3bowali odpowiedzie\u0107 specjali\u015bci bran\u017cowi podczas konferencji.<\/p>\n<p>Wydarzenie rozpocz\u0119\u0142o wyst\u0105pienie dyrektora KPODR \u0141ukasza Urba\u0144skiego i jego zast\u0119pcy Ryszarda Kami\u0144skiego, podczas kt\u00f3rego powitali uczestnik\u00f3w i wyk\u0142adowc\u00f3w, a tak\u017ce podkre\u015blili jak wa\u017cny i trudny jest temat gospodarki odpadami.<\/p>\n<p>Pierwszym prelegentem by\u0142\u00a0 Maciej Kie\u0142bus, kt\u00f3ry przedstawi\u0142 wyk\u0142ad pn. \u201ePomiary recyklingu i ich wp\u0142yw na op\u0142aty za odpady komunalne\u201d. Podczas wyst\u0105pienia om\u00f3wi\u0142 zagadnienia zwi\u0105zane obowi\u0105zuj\u0105cymi regulacjami prawnymi, poziomami recyklingu odpad\u00f3w komunalnych oraz finansowanie kar za nieosi\u0105gni\u0119cie poziom\u00f3w recyklingu. Drugi wyk\u0142ad przedstawi\u0142a dr in\u017c. Barbara Koz\u0142owska, kt\u00f3ra om\u00f3wi\u0142a temat pn. \u201eSelektywna zbi\u00f3rka tekstyli\u00f3w \u2013 nowy obowi\u0105zek gmin\u201d. Wyst\u0105pienia rozpocz\u0119\u0142a od przyj\u0119tego przez Komisj\u0119 Europejsk\u0105, pakietu dyrektyw odpadowych i jego g\u0142\u00f3wnych celi. Nast\u0119pnie opisa\u0142a nowy obowi\u0105zek selektywnej zbi\u00f3rki odpad\u00f3w tekstylnych, podstawy prawne, definicje, a tak\u017ce jakie s\u0105 mo\u017cliwo\u015bci recyklingu odpad\u00f3w tekstylnych. Kolejnym wyk\u0142adowc\u0105 by\u0142 dr hab. Zbigniew Bukowski, kt\u00f3ry przedstawi\u0142 \u201eProblematyk\u0119 kar dla gmin za naruszenia wymaga\u0144 okre\u015blonych w\u00a0<em>Ustawie o utrzymaniu czysto\u015bci i porz\u0105dku w gminach\u201d.\u00a0<\/em>Opisa\u0142 szczeg\u00f3\u0142owo zakres kontroli. Poda\u0142 podstawy prawne, cz\u0119ste naruszenia i ewentualne sankcje karne. Konferencj\u0119 zako\u0144czy\u0142y Monika Tomczak i Karolina Apalczyk-Kryska, kt\u00f3re przedstawi\u0142y \u201eObowi\u0105zek sprawozdawczy gmin dotycz\u0105cy gospodarowania nieczysto\u015bciami ciek\u0142ymi\u201d. Omawi\u0142y podstawy prawne, informacje dotycz\u0105ce kontroli oraz najcz\u0119\u015bciej pope\u0142niane b\u0142\u0119dy w sprawozdaniach.<\/p>\n<p>Tre\u015bci poruszane podczas Konferencji by\u0142y niezwykle istotne dla przedstawicieli samorz\u0105d\u00f3w, odpowiadaj\u0105cych za gospodark\u0119 odpadami w gminach. Wa\u017cny jest r\u00f3wnie\u017c fakt, \u017ce z roku na rok ro\u015bnie \u015bwiadomo\u015b\u0107 spo\u0142ecze\u0144stwa na temat post\u0119powania z odpadami, a w konsekwencji wywiera pozytywny skutek dla naszego \u015brodowiska.<\/p>\n<p>Przedsi\u0119wzi\u0119cie zosta\u0142o zrealizowane w ramach projektu pn. \u201eEkologia i \u015brodowisko \u2013 dobre praktyki i dalsze wyzwania \u2013 edukacja i informacja dla mieszka\u0144c\u00f3w wojew\u00f3dztwa kujawsko-pomorskiego\u201d wsp\u00f3\u0142finansowanego ze \u015brodk\u00f3w Wojew\u00f3dzkiego Funduszu Ochrony \u015arodowiska i Gospodarki Wodnej w Toruniu.<\/p>\n<p>Zapis video:<\/p>\n<p><iframe title=\"2025 03 11 Forum Ochrony \u015arodowiska\" src=\"https:\/\/www.youtube.com\/embed\/Lg1PvRUC1ck?feature=oembed&amp;amp;wmode=transparent\" width=\"500\" height=\"281\" frameborder=\"0\" allowfullscreen=\"allowfullscreen\" data-mce-fragment=\"1\"><\/iframe><\/p>\n<p>Opracowa\u0142a:<br \/>\nJoanna Szcz\u0119sna-Kulewska<br \/>\nKPODR w Minikowie<\/p>\n","protected":false},"excerpt":{"rendered":"<p>11 marca 2025 roku w Kujawsko-Pomorskim O\u015brodku Doradztwa Rolniczego w Minikowie odby\u0142a si\u0119 konferencja online pn. \u201eForum Ochrony \u015arodowiska\u201d, kt\u00f3ra od lat cieszy si\u0119 du\u017cym zainteresowaniem, a jej tematyka na sta\u0142e wpisa\u0142a si\u0119 w program wydarze\u0144 organizowanych przez KPODR w Minikowie. To ju\u017c pi\u0119tnasta edycja konferencji, podczas kt\u00f3rej samorz\u0105dowcy, przedstawiciele firm komunalnych z wojew\u00f3dztwa kujawsko-pomorskiego [&hellip;]<\/p>\n","protected":false},"author":3,"featured_media":1052,"comment_status":"closed","ping_status":"closed","sticky":false,"template":"","format":"standard","meta":{"footnotes":""},"categories":[8],"tags":[35,93,6,73,69],"class_list":["post-1051","post","type-post","status-publish","format-standard","has-post-thumbnail","hentry","category-wydarzenia","tag-ekologia","tag-forum","tag-kpodr","tag-ochrona-srodowiska","tag-wfosigw"],"blocksy_meta":[],"_links":{"self":[{"href":"https:\/\/ekologia.kpodr.pl\/index.php\/wp-json\/wp\/v2\/posts\/1051","targetHints":{"allow":["GET"]}}],"collection":[{"href":"https:\/\/ekologia.kpodr.pl\/index.php\/wp-json\/wp\/v2\/posts"}],"about":[{"href":"https:\/\/ekologia.kpodr.pl\/index.php\/wp-json\/wp\/v2\/types\/post"}],"author":[{"embeddable":true,"href":"https:\/\/ekologia.kpodr.pl\/index.php\/wp-json\/wp\/v2\/users\/3"}],"replies":[{"embeddable":true,"href":"https:\/\/ekologia.kpodr.pl\/index.php\/wp-json\/wp\/v2\/comments?post=1051"}],"version-history":[{"count":1,"href":"https:\/\/ekologia.kpodr.pl\/index.php\/wp-json\/wp\/v2\/posts\/1051\/revisions"}],"predecessor-version":[{"id":1053,"href":"https:\/\/ekologia.kpodr.pl\/index.php\/wp-json\/wp\/v2\/posts\/1051\/revisions\/1053"}],"wp:featuredmedia":[{"embeddable":true,"href":"https:\/\/ekologia.kpodr.pl\/index.php\/wp-json\/wp\/v2\/media\/1052"}],"wp:attachment":[{"href":"https:\/\/ekologia.kpodr.pl\/index.php\/wp-json\/wp\/v2\/media?parent=1051"}],"wp:term":[{"taxonomy":"category","embeddable":true,"href":"https:\/\/ekologia.kpodr.pl\/index.php\/wp-json\/wp\/v2\/categories?post=1051"},{"taxonomy":"post_tag","embeddable":true,"href":"https:\/\/ekologia.kpodr.pl\/index.php\/wp-json\/wp\/v2\/tags?post=1051"}],"curies":[{"name":"wp","href":"https:\/\/api.w.org\/{rel}","templated":true}]}}